{"id":45466,"date":"2025-08-26T07:54:09","date_gmt":"2025-08-26T07:54:09","guid":{"rendered":"https:\/\/www.europesays.com\/pt\/45466\/"},"modified":"2025-08-26T07:54:09","modified_gmt":"2025-08-26T07:54:09","slug":"fc-porto-e-arsenal-negoceiam","status":"publish","type":"post","link":"https:\/\/www.europesays.com\/pt\/45466\/","title":{"rendered":"FC Porto e Arsenal negoceiam"},"content":{"rendered":"<p>   <a href=\"https:\/\/www.ojogo.pt\/d\/fc-porto\/13\/\" class=\"clean-link\" rel=\"nofollow noopener\" target=\"_blank\"><\/p>\n<p>FC Porto<\/p>\n<p><\/a>   <\/p>\n<p> 26 de agosto de 2025 \u00e0s 08:23 <\/p>\n<p> Leitura: 3 min<\/p>\n<p class=\"intro\">O JOGO sabe que a administra\u00e7\u00e3o do Arsenal re\u00fane-se esta ter\u00e7a-feira e, em cima da mesa, estar\u00e1 a nova proposta do FC Porto pelo defesa de 25 anos. Drag\u00f5es tentam empr\u00e9stimo com compra obrigat\u00f3ria em 2026. Conclus\u00e3o deste longo processo est\u00e1 cada vez mais pr\u00f3xima e os gunners j\u00e1 pensam numa alternativa ao polaco.<\/p>\n<p>           <img decoding=\"async\" src=\"https:\/\/www.europesays.com\/pt\/wp-content\/uploads\/2025\/08\/1756194849_58_2nmnvtfypspc.png\" alt=\"Chegou a hora das decis\u00f5es por Kiwior: FC Porto e Arsenal negoceiam\" class=\"embed-responsive-item img-fluid\" fetchpriority=\"high\"\/>Jakub Kiwior (Cr\u00e9ditos: Arsenal FC)   <\/p>\n","protected":false},"excerpt":{"rendered":"FC Porto 26 de agosto de 2025 \u00e0s 08:23 Leitura: 3 min O JOGO sabe que a administra\u00e7\u00e3o&hellip;\n","protected":false},"author":2,"featured_media":41458,"comment_status":"","ping_status":"","sticky":false,"template":"","format":"standard","meta":{"footnotes":""},"categories":[8],"tags":[27,28,15,16,14,25,26,21,22,12,13,19,20,32,23,24,33,17,18,29,30,31],"class_list":{"0":"post-45466","1":"post","2":"type-post","3":"status-publish","4":"format-standard","5":"has-post-thumbnail","7":"category-principais-noticias","8":"tag-breaking-news","9":"tag-breakingnews","10":"tag-featured-news","11":"tag-featurednews","12":"tag-headlines","13":"tag-latest-news","14":"tag-latestnews","15":"tag-main-news","16":"tag-mainnews","17":"tag-news","18":"tag-noticias","19":"tag-noticias-principais","20":"tag-noticiasprincipais","21":"tag-portugal","22":"tag-principais-noticias","23":"tag-principaisnoticias","24":"tag-pt","25":"tag-top-stories","26":"tag-topstories","27":"tag-ultimas","28":"tag-ultimas-noticias","29":"tag-ultimasnoticias"},"share_on_mastodon":{"url":"","error":""},"_links":{"self":[{"href":"https:\/\/www.europesays.com\/pt\/wp-json\/wp\/v2\/posts\/45466","targetHints":{"allow":["GET"]}}],"collection":[{"href":"https:\/\/www.europesays.com\/pt\/wp-json\/wp\/v2\/posts"}],"about":[{"href":"https:\/\/www.europesays.com\/pt\/wp-json\/wp\/v2\/types\/post"}],"author":[{"embeddable":true,"href":"https:\/\/www.europesays.com\/pt\/wp-json\/wp\/v2\/users\/2"}],"replies":[{"embeddable":true,"href":"https:\/\/www.europesays.com\/pt\/wp-json\/wp\/v2\/comments?post=45466"}],"version-history":[{"count":0,"href":"https:\/\/www.europesays.com\/pt\/wp-json\/wp\/v2\/posts\/45466\/revisions"}],"wp:featuredmedia":[{"embeddable":true,"href":"https:\/\/www.europesays.com\/pt\/wp-json\/wp\/v2\/media\/41458"}],"wp:attachment":[{"href":"https:\/\/www.europesays.com\/pt\/wp-json\/wp\/v2\/media?parent=45466"}],"wp:term":[{"taxonomy":"category","embeddable":true,"href":"https:\/\/www.europesays.com\/pt\/wp-json\/wp\/v2\/categories?post=45466"},{"taxonomy":"post_tag","embeddable":true,"href":"https:\/\/www.europesays.com\/pt\/wp-json\/wp\/v2\/tags?post=45466"}],"curies":[{"name":"wp","href":"https:\/\/api.w.org\/{rel}","templated":true}]}}