{"id":455099,"date":"2026-07-19T10:58:13","date_gmt":"2026-07-19T10:58:13","guid":{"rendered":"https:\/\/www.europesays.com\/pt\/455099\/"},"modified":"2026-07-19T10:58:13","modified_gmt":"2026-07-19T10:58:13","slug":"o-impacto-do-consumo-excessivo-de-alcool-na-saude-do-figado-algarve-vivo","status":"publish","type":"post","link":"https:\/\/www.europesays.com\/pt\/455099\/","title":{"rendered":"O impacto do consumo excessivo de \u00e1lcool na sa\u00fade do f\u00edgado \u2013 Algarve Vivo"},"content":{"rendered":"<p><img fetchpriority=\"high\" decoding=\"async\" width=\"1024\" height=\"1024\" src=\"https:\/\/www.europesays.com\/pt\/wp-content\/uploads\/2026\/07\/Luis-Bagulho_Fotografia-1024x1024.jpg\" alt=\"\" class=\"wp-image-43412\" style=\"width:741px;height:auto\"  \/><\/p>\n<p><strong>Lu\u00eds Bagulho<br \/><\/strong>M\u00e9dico especialista em Doen\u00e7as do F\u00edgado, Medicina Interna e Medicina Intensiva, Unidade de Transplantes do Hospital Curry Cabral, ULS S\u00e3o Jos\u00e9<\/p>\n<p>No in\u00edcio de julho assinalou-se a Semana Europeia da Consciencializa\u00e7\u00e3o para o \u00c1lcool, uma iniciativa que pretende alertar para os riscos associados ao consumo excessivo de bebidas alco\u00f3licas e promover h\u00e1bitos de vida mais saud\u00e1veis.<\/p>\n<p>O consumo excessivo de \u00e1lcool representa um dos principais problemas de sa\u00fade p\u00fablica a n\u00edvel global: segundo dados recentes da Organiza\u00e7\u00e3o Mundial de Sa\u00fade, \u00e9 respons\u00e1vel por 2,6 milh\u00f5es de mortes por ano, causando doen\u00e7a do f\u00edgado, cardiovascular e cancro, mas tamb\u00e9m danos associados a acidentes, viol\u00eancia e autoagress\u00e3o.<\/p>\n<p>Em Portugal, o consumo de bebidas alco\u00f3licas est\u00e1 profundamente enraizado em momentos sociais e culturais e a produ\u00e7\u00e3o de vinho representa uma importante atividade econ\u00f3mica.<\/p>\n<p>Assiste-se ainda a uma mudan\u00e7a preocupante nos padr\u00f5es de consumo, com o crescimento do consumo entre os jovens e as mulheres e o aumento de formas mais graves de ingest\u00e3o, como o \u2018binge drinking\u2019, ou seja, a ingest\u00e3o de grandes quantidades de \u00e1lcool em curtos per\u00edodos de tempo. Entre todos os \u00f3rg\u00e3os afetados, o f\u00edgado \u00e9 aquele que sofre de forma mais direta e progressiva as consequ\u00eancias deste consumo.<\/p>\n<p>O f\u00edgado \u00e9 o maior \u00f3rg\u00e3o interno do nosso organismo e \u00e9 o principal respons\u00e1vel pela elimina\u00e7\u00e3o do \u00e1lcool. Este processo gera compostos t\u00f3xicos que induzem dano celular progressivo e, quando o consumo \u00e9 excessivo ou prolongado, as les\u00f5es podem tornar-se irrevers\u00edveis.<\/p>\n<p>A primeira consequ\u00eancia \u00e9 o \u2018f\u00edgado gordo\u2019, uma acumula\u00e7\u00e3o de gordura nas c\u00e9lulas do f\u00edgado que, na maioria dos casos, n\u00e3o provoca sintomas. \u00c9 precisamente essa aus\u00eancia de sinais de alerta que a torna perigosa: sem uma mudan\u00e7a de comportamento, pode evoluir para inflama\u00e7\u00e3o e doen\u00e7as mais graves, como a cirrose hep\u00e1tica \u2014 a destrui\u00e7\u00e3o progressiva do tecido do f\u00edgado e a sua substitui\u00e7\u00e3o por tecido cicatricial \u2014, com complica\u00e7\u00f5es como hemorragias, infe\u00e7\u00f5es e cancro do f\u00edgado.<\/p>\n<p>Numa forma mais aguda, o \u00e1lcool pode ainda desencadear uma hepatite alco\u00f3lica grave, com fadiga, dor abdominal e colora\u00e7\u00e3o amarelada da pele e dos olhos, podendo conduzir rapidamente a insufici\u00eancia hep\u00e1tica.<\/p>\n<p>N\u00e3o existe um n\u00edvel de consumo de \u00e1lcool totalmente isento de risco para o f\u00edgado. Quando consideramos ainda o risco aumentado de cancro e de doen\u00e7a cardiovascular, a evid\u00eancia aponta claramente numa dire\u00e7\u00e3o: quanto menos se consome, melhor, sendo a abstin\u00eancia a \u00fanica forma de eliminar este risco.<\/p>\n<p>A preven\u00e7\u00e3o passa por estilos de vida saud\u00e1veis, mas importa sublinhar que, nas fases iniciais, a doen\u00e7a do f\u00edgado associada ao \u00e1lcool pode ser revers\u00edvel. A abstin\u00eancia precoce permite ao f\u00edgado recuperar, o que refor\u00e7a a import\u00e2ncia de um diagn\u00f3stico atempado.<\/p>\n<p>Enquanto m\u00e9dico que acompanha diariamente doentes com doen\u00e7a do f\u00edgado grave, sei que muitas destas situa\u00e7\u00f5es poderiam ter sido evitadas. Cuidar do f\u00edgado \u00e9, acima de tudo, cuidar da sa\u00fade de todo o corpo \u2014 e isso come\u00e7a nas decis\u00f5es que tomamos hoje.<\/p>\n","protected":false},"excerpt":{"rendered":"Lu\u00eds BagulhoM\u00e9dico especialista em Doen\u00e7as do F\u00edgado, Medicina Interna e Medicina Intensiva, Unidade de Transplantes do Hospital Curry&hellip;\n","protected":false},"author":2,"featured_media":455100,"comment_status":"","ping_status":"","sticky":false,"template":"","format":"standard","meta":{"footnotes":"","_share_on_mastodon":"0"},"categories":[86],"tags":[116,32,33,117],"class_list":["post-455099","post","type-post","status-publish","format-standard","has-post-thumbnail","category-saude","tag-health","tag-portugal","tag-pt","tag-saude"],"share_on_mastodon":{"url":"https:\/\/pubeurope.com\/@pt\/116946293054531524","error":""},"_links":{"self":[{"href":"https:\/\/www.europesays.com\/pt\/wp-json\/wp\/v2\/posts\/455099","targetHints":{"allow":["GET"]}}],"collection":[{"href":"https:\/\/www.europesays.com\/pt\/wp-json\/wp\/v2\/posts"}],"about":[{"href":"https:\/\/www.europesays.com\/pt\/wp-json\/wp\/v2\/types\/post"}],"author":[{"embeddable":true,"href":"https:\/\/www.europesays.com\/pt\/wp-json\/wp\/v2\/users\/2"}],"replies":[{"embeddable":true,"href":"https:\/\/www.europesays.com\/pt\/wp-json\/wp\/v2\/comments?post=455099"}],"version-history":[{"count":0,"href":"https:\/\/www.europesays.com\/pt\/wp-json\/wp\/v2\/posts\/455099\/revisions"}],"wp:featuredmedia":[{"embeddable":true,"href":"https:\/\/www.europesays.com\/pt\/wp-json\/wp\/v2\/media\/455100"}],"wp:attachment":[{"href":"https:\/\/www.europesays.com\/pt\/wp-json\/wp\/v2\/media?parent=455099"}],"wp:term":[{"taxonomy":"category","embeddable":true,"href":"https:\/\/www.europesays.com\/pt\/wp-json\/wp\/v2\/categories?post=455099"},{"taxonomy":"post_tag","embeddable":true,"href":"https:\/\/www.europesays.com\/pt\/wp-json\/wp\/v2\/tags?post=455099"}],"curies":[{"name":"wp","href":"https:\/\/api.w.org\/{rel}","templated":true}]}}