{"id":455563,"date":"2026-07-19T20:11:19","date_gmt":"2026-07-19T20:11:19","guid":{"rendered":"https:\/\/www.europesays.com\/pt\/455563\/"},"modified":"2026-07-19T20:11:19","modified_gmt":"2026-07-19T20:11:19","slug":"almada-recupera-40-das-reservas-de-agua","status":"publish","type":"post","link":"https:\/\/www.europesays.com\/pt\/455563\/","title":{"rendered":"Almada recupera 40% das reservas de \u00e1gua"},"content":{"rendered":"<p><strong>As reservas de \u00e1gua em Almada recuperaram para<\/strong> <strong>46%<\/strong>, de acordo com a nova informa\u00e7\u00e3o dispon\u00edvel no site dos Servi\u00e7os Municipalizados de \u00c1gua e Saneamento (SMAS). A entidade lan\u00e7ou um <strong><a aria-label=\"content\" target=\"_blank\" href=\"https:\/\/www.smasalmada.pt\/w\/dashboard-estado-reservas-de-agua\" rel=\"nofollow noopener\">dashboard<\/a><\/strong> com informa\u00e7\u00e3o sobre o estado das reservas de \u00e1gua nos reservat\u00f3rios do concelho.<\/p>\n<p>Segundo a \u00faltima atualiza\u00e7\u00e3o, realizada \u00e0s <strong>22:00 de 18 de julho de 2026<\/strong>, a reserva m\u00e9dia de \u00e1gua nos reservat\u00f3rios do concelho de Almada situa-se nos <strong>46%<\/strong>. O n\u00edvel enquadra-se na faixa entre <strong>30% e 60%<\/strong> (n\u00edvel amarelo), o que, de acordo com a escala definida pela autarquia, implica a avalia\u00e7\u00e3o da evolu\u00e7\u00e3o das reservas e a poss\u00edvel redu\u00e7\u00e3o do n\u00famero de horas de corte no abastecimento de \u00e1gua.<\/p>\n<p>Os dados correspondem \u00e0 m\u00e9dia da reserva total de \u00e1gua dos reservat\u00f3rios de Brielas, Cassapo, Cristo-Rei, Feij\u00f3, Fonte Santa, Laranjeiro, Lazarim, Monte de Caparica, Murfac\u00e9m, Pica Galo, Pragal, Trafaria e Raposo. A C\u00e2mara Municipal de Almada refor\u00e7a ainda o apelo ao consumo respons\u00e1vel, sublinhando que <strong>&#8220;A \u00e1gua \u00e9 um bem de todos. Uma gota conta.&#8221;<\/strong><\/p>\n<p>O dashboard foi criado na sequ\u00eancia de v\u00e1rios dias de falhas no abastecimento de \u00e1gua no concelho. &#8220;Esta nova ferramenta re\u00fane, de forma simples e visual, informa\u00e7\u00e3o sobre o n\u00edvel m\u00e9dio das reservas de \u00e1gua, permitindo acompanhar a sua evolu\u00e7\u00e3o e conhecer o enquadramento da situa\u00e7\u00e3o de acordo com uma escala de cinco n\u00edveis&#8221;, explica a autarquia no site.<\/p>\n","protected":false},"excerpt":{"rendered":"As reservas de \u00e1gua em Almada recuperaram para 46%, de acordo com a nova informa\u00e7\u00e3o dispon\u00edvel no site&hellip;\n","protected":false},"author":2,"featured_media":455564,"comment_status":"","ping_status":"","sticky":false,"template":"","format":"standard","meta":{"footnotes":"","_share_on_mastodon":"0"},"categories":[10],"tags":[1467,71433,7087,27,28,72944,15,16,14,25,26,21,22,12,13,19,20,32,23,24,33,55386,17,18,29,30,31],"class_list":["post-455563","post","type-post","status-publish","format-standard","has-post-thumbnail","category-portugal","tag-agua","tag-agua-abastecimento","tag-almada","tag-breaking-news","tag-breakingnews","tag-falta-de-agua","tag-featured-news","tag-featurednews","tag-headlines","tag-latest-news","tag-latestnews","tag-main-news","tag-mainnews","tag-news","tag-noticias","tag-noticias-principais","tag-noticiasprincipais","tag-portugal","tag-principais-noticias","tag-principaisnoticias","tag-pt","tag-smas","tag-top-stories","tag-topstories","tag-ultimas","tag-ultimas-noticias","tag-ultimasnoticias"],"share_on_mastodon":{"url":"https:\/\/pubeurope.com\/@pt\/116948466668153536","error":""},"_links":{"self":[{"href":"https:\/\/www.europesays.com\/pt\/wp-json\/wp\/v2\/posts\/455563","targetHints":{"allow":["GET"]}}],"collection":[{"href":"https:\/\/www.europesays.com\/pt\/wp-json\/wp\/v2\/posts"}],"about":[{"href":"https:\/\/www.europesays.com\/pt\/wp-json\/wp\/v2\/types\/post"}],"author":[{"embeddable":true,"href":"https:\/\/www.europesays.com\/pt\/wp-json\/wp\/v2\/users\/2"}],"replies":[{"embeddable":true,"href":"https:\/\/www.europesays.com\/pt\/wp-json\/wp\/v2\/comments?post=455563"}],"version-history":[{"count":0,"href":"https:\/\/www.europesays.com\/pt\/wp-json\/wp\/v2\/posts\/455563\/revisions"}],"wp:featuredmedia":[{"embeddable":true,"href":"https:\/\/www.europesays.com\/pt\/wp-json\/wp\/v2\/media\/455564"}],"wp:attachment":[{"href":"https:\/\/www.europesays.com\/pt\/wp-json\/wp\/v2\/media?parent=455563"}],"wp:term":[{"taxonomy":"category","embeddable":true,"href":"https:\/\/www.europesays.com\/pt\/wp-json\/wp\/v2\/categories?post=455563"},{"taxonomy":"post_tag","embeddable":true,"href":"https:\/\/www.europesays.com\/pt\/wp-json\/wp\/v2\/tags?post=455563"}],"curies":[{"name":"wp","href":"https:\/\/api.w.org\/{rel}","templated":true}]}}