{"id":45564,"date":"2025-08-26T09:51:07","date_gmt":"2025-08-26T09:51:07","guid":{"rendered":"https:\/\/www.europesays.com\/pt\/45564\/"},"modified":"2025-08-26T09:51:07","modified_gmt":"2025-08-26T09:51:07","slug":"o-maior-barraco-numa-gala-avo-de-catarina-miranda-exalta-se-e-quase-e-expulsa-big-brother","status":"publish","type":"post","link":"https:\/\/www.europesays.com\/pt\/45564\/","title":{"rendered":"O maior barraco numa gala. Av\u00f3 de Catarina Miranda exalta-se e quase \u00e9 expulsa &#8211; Big Brother"},"content":{"rendered":"<p style=\"margin-bottom:11px\">Ainda se lembra de quando a av\u00f3 de Catarina Miranda se exaltou em direto, durante uma gala do Big Brother, e<a href=\"https:\/\/tviplayer.iol.pt\/programa\/big-brother\/5eb3f47e0cf2a58834209072\/video\/66414e940cf2cd207b7b064e\" rel=\"nofollow noopener\" target=\"_blank\"> quase foi expulsa do est\u00fadio por Cl\u00e1udio Ramos<\/a>. O momento deu muito que falar.<\/p>\n<p>Tudo aconteceu em maio de 2024, depois de<strong> Francisco Monteiro<\/strong> \u2013 que era na altura comentador oficial das galas ao lado de <strong>M\u00e1rcia Soares &#8211;\u00a0<\/strong>\u00a0dar a sua opini\u00e3o sobre Catarina Miranda.<\/p>\n<p><strong>Maria do Ros\u00e1rio<\/strong> ficou indignada e desatou a gritar em est\u00fadio. Cl\u00e1udio Ramos tentou dar-lhe um microfone e amea\u00e7ou expuls\u00e1-la. \u00abOu me respeita a mim, ou sai por aquela porta fora\u00bb, disse Cl\u00e1udio ramos, enquanto Maria do Ros\u00e1rio gritava: \u00abN\u00e3o h\u00e1 imparcialidade!\u00bb.<\/p>\n<p><strong>Recorde o momento que tanto deu que falar<\/strong><\/p>\n<p>Percorra a galeria de fotografias que prepar\u00e1mos para si e recorde a familiar de Catarina Miranda.\u00a0<\/p>\n<p><strong>VEJA TAMB\u00c9M:\u00a0<\/strong><a href=\"https:\/\/tvi.iol.pt\/bigbrother\/nomeados\/25-08-2025\/o-cerco-esta-a-apertar-este-e-o-novo-leque-de-nomeados-do-big-brother-verao\" rel=\"nofollow noopener\" target=\"_blank\">O cerco est\u00e1 a apertar. Este \u00e9 o novo leque de nomeados do Big Brother Ver\u00e3o<\/a><\/p>\n","protected":false},"excerpt":{"rendered":"Ainda se lembra de quando a av\u00f3 de Catarina Miranda se exaltou em direto, durante uma gala do&hellip;\n","protected":false},"author":2,"featured_media":45565,"comment_status":"","ping_status":"","sticky":false,"template":"","format":"standard","meta":{"footnotes":""},"categories":[142],"tags":[13828,331,48,342,329,333,328,335,336,114,115,334,332,330,13,32,33,151,162,227],"class_list":{"0":"post-45564","1":"post","2":"type-post","3":"status-publish","4":"format-standard","5":"has-post-thumbnail","7":"category-tv","8":"tag-avo","9":"tag-big","10":"tag-big-brother","11":"tag-catarina-miranda","12":"tag-claudio-ramos","13":"tag-comentadores","14":"tag-concorrentes","15":"tag-confrontos","16":"tag-discussoes","17":"tag-entertainment","18":"tag-entretenimento","19":"tag-exclusivos","20":"tag-expulso","21":"tag-gala","22":"tag-noticias","23":"tag-portugal","24":"tag-pt","25":"tag-tv","26":"tag-tvi","27":"tag-videos"},"share_on_mastodon":{"url":"","error":""},"_links":{"self":[{"href":"https:\/\/www.europesays.com\/pt\/wp-json\/wp\/v2\/posts\/45564","targetHints":{"allow":["GET"]}}],"collection":[{"href":"https:\/\/www.europesays.com\/pt\/wp-json\/wp\/v2\/posts"}],"about":[{"href":"https:\/\/www.europesays.com\/pt\/wp-json\/wp\/v2\/types\/post"}],"author":[{"embeddable":true,"href":"https:\/\/www.europesays.com\/pt\/wp-json\/wp\/v2\/users\/2"}],"replies":[{"embeddable":true,"href":"https:\/\/www.europesays.com\/pt\/wp-json\/wp\/v2\/comments?post=45564"}],"version-history":[{"count":0,"href":"https:\/\/www.europesays.com\/pt\/wp-json\/wp\/v2\/posts\/45564\/revisions"}],"wp:featuredmedia":[{"embeddable":true,"href":"https:\/\/www.europesays.com\/pt\/wp-json\/wp\/v2\/media\/45565"}],"wp:attachment":[{"href":"https:\/\/www.europesays.com\/pt\/wp-json\/wp\/v2\/media?parent=45564"}],"wp:term":[{"taxonomy":"category","embeddable":true,"href":"https:\/\/www.europesays.com\/pt\/wp-json\/wp\/v2\/categories?post=45564"},{"taxonomy":"post_tag","embeddable":true,"href":"https:\/\/www.europesays.com\/pt\/wp-json\/wp\/v2\/tags?post=45564"}],"curies":[{"name":"wp","href":"https:\/\/api.w.org\/{rel}","templated":true}]}}