{"id":45572,"date":"2025-08-26T10:00:29","date_gmt":"2025-08-26T10:00:29","guid":{"rendered":"https:\/\/www.europesays.com\/pt\/45572\/"},"modified":"2025-08-26T10:00:29","modified_gmt":"2025-08-26T10:00:29","slug":"policias-municipais-o-mai-permitiu-que-se-criasse-uma-percecao-errada-e-isso-e-grave-diz-rui-moreira","status":"publish","type":"post","link":"https:\/\/www.europesays.com\/pt\/45572\/","title":{"rendered":"Pol\u00edcias Municipais. \u201cO MAI permitiu que se criasse uma perce\u00e7\u00e3o errada, e isso \u00e9 grave\u201d, diz Rui Moreira"},"content":{"rendered":"<p>Rui Moreira foi um dos mais acesos cr\u00edticos de primeira hora face ao an\u00fancio de Carlos Moedas de que dera ordens \u00e0 Pol\u00edcia Municipal de Lisboa para que efetuasse deten\u00e7\u00f5es de suspeitos por crimes. &#8220;\u00c9 um disparate e um perigo&#8221;, disse ent\u00e3o ao DN, certificando que se tratava de uma ordem ilegal. Foto: Filipe Amorim\/Global Imagens<\/p>\n<p><a aria-label=\"author-image\" href=\"https:\/\/www.dn.pt\/author\/fernanda-cancio-3\" rel=\"nofollow noopener\" target=\"_blank\"><img decoding=\"async\" src=\"data:image\/gif;base64,R0lGODlhAQABAAD\/ACwAAAAAAQABAAACADs=\" alt=\"Fernanda C\u00e2ncio\" width=\"100%\" height=\"100%\"  class=\"qt-image\"\/><\/a>Publicado a:\u00a0<\/p>\n<p>25 Ago 2025, 19:12<\/p>\n<p>Loading content, please wait&#8230;<\/p>\n","protected":false},"excerpt":{"rendered":"Rui Moreira foi um dos mais acesos cr\u00edticos de primeira hora face ao an\u00fancio de Carlos Moedas de&hellip;\n","protected":false},"author":2,"featured_media":45573,"comment_status":"","ping_status":"","sticky":false,"template":"","format":"standard","meta":{"footnotes":""},"categories":[10],"tags":[27,28,3766,306,15,16,301,14,25,26,21,22,6862,5611,3574,12,13,19,20,6346,13829,32,23,24,33,4070,17,18,29,30,31],"class_list":{"0":"post-45572","1":"post","2":"type-post","3":"status-publish","4":"format-standard","5":"has-post-thumbnail","7":"category-portugal","8":"tag-breaking-news","9":"tag-breakingnews","10":"tag-carlos-moedas","11":"tag-edicao-impressa","12":"tag-featured-news","13":"tag-featurednews","14":"tag-governo","15":"tag-headlines","16":"tag-latest-news","17":"tag-latestnews","18":"tag-main-news","19":"tag-mainnews","20":"tag-margarida-blasco","21":"tag-maria-lucia-amaral","22":"tag-ministerio-da-administracao-interna","23":"tag-news","24":"tag-noticias","25":"tag-noticias-principais","26":"tag-noticiasprincipais","27":"tag-policia-municipal-de-lisboa","28":"tag-policias-municipais","29":"tag-portugal","30":"tag-principais-noticias","31":"tag-principaisnoticias","32":"tag-pt","33":"tag-rui-moreira","34":"tag-top-stories","35":"tag-topstories","36":"tag-ultimas","37":"tag-ultimas-noticias","38":"tag-ultimasnoticias"},"share_on_mastodon":{"url":"","error":""},"_links":{"self":[{"href":"https:\/\/www.europesays.com\/pt\/wp-json\/wp\/v2\/posts\/45572","targetHints":{"allow":["GET"]}}],"collection":[{"href":"https:\/\/www.europesays.com\/pt\/wp-json\/wp\/v2\/posts"}],"about":[{"href":"https:\/\/www.europesays.com\/pt\/wp-json\/wp\/v2\/types\/post"}],"author":[{"embeddable":true,"href":"https:\/\/www.europesays.com\/pt\/wp-json\/wp\/v2\/users\/2"}],"replies":[{"embeddable":true,"href":"https:\/\/www.europesays.com\/pt\/wp-json\/wp\/v2\/comments?post=45572"}],"version-history":[{"count":0,"href":"https:\/\/www.europesays.com\/pt\/wp-json\/wp\/v2\/posts\/45572\/revisions"}],"wp:featuredmedia":[{"embeddable":true,"href":"https:\/\/www.europesays.com\/pt\/wp-json\/wp\/v2\/media\/45573"}],"wp:attachment":[{"href":"https:\/\/www.europesays.com\/pt\/wp-json\/wp\/v2\/media?parent=45572"}],"wp:term":[{"taxonomy":"category","embeddable":true,"href":"https:\/\/www.europesays.com\/pt\/wp-json\/wp\/v2\/categories?post=45572"},{"taxonomy":"post_tag","embeddable":true,"href":"https:\/\/www.europesays.com\/pt\/wp-json\/wp\/v2\/tags?post=45572"}],"curies":[{"name":"wp","href":"https:\/\/api.w.org\/{rel}","templated":true}]}}