{"id":455929,"date":"2026-07-20T06:23:12","date_gmt":"2026-07-20T06:23:12","guid":{"rendered":"https:\/\/www.europesays.com\/pt\/455929\/"},"modified":"2026-07-20T06:23:12","modified_gmt":"2026-07-20T06:23:12","slug":"portugal-espanha-lituania-e-chipre-sao-os-unicos-paises-do-euro-onde-a-inflacao-nao-alivia-diario-de-noticias","status":"publish","type":"post","link":"https:\/\/www.europesays.com\/pt\/455929\/","title":{"rendered":"Portugal, Espanha, Litu\u00e2nia e Chipre s\u00e3o os \u00fanicos pa\u00edses do euro onde a infla\u00e7\u00e3o n\u00e3o alivia &#8211; Di\u00e1rio de Not\u00edcias"},"content":{"rendered":"<ol>\n<li><a href=\"https:\/\/news.google.com\/rss\/articles\/CBMirwFBVV95cUxOWmlaQ0xKcXdnOHJ0b0ZRU1g3U0x4b0d0SEhkUEdLSU9ZU25pTUNJR1Vtazd1X20xeGllbHRpMUlSZ3pnWHJ5TUxzSVJpeWdnS2M5eDdKZTFfZzcycG1xT3RnZjJsWkFSa2duQnpjbkZUaWd0dEItMWxrNklvYzRGY1pvUUhhWnBMbVJpUnk3cnNKaUdjWi02OUU3X1J3eUtxUWIzY0NvNG5ZV0JSNUxj?oc=5\" target=\"_blank\" rel=\"nofollow noopener\">Portugal, Espanha, Litu\u00e2nia e Chipre s\u00e3o os \u00fanicos pa\u00edses do euro onde a infla\u00e7\u00e3o n\u00e3o alivia<\/a>&nbsp;&nbsp;Di\u00e1rio de Not\u00edcias<\/li>\n<li><a href=\"https:\/\/news.google.com\/rss\/articles\/CBMivAFBVV95cUxPS3gzaE5IUE1RTXFCZUJ6cXNjQ1EzMzJTSGZBRVJDU1M2Qm1Va3BIXzN3ZzJkWTFuYnlKOGZTQjI2SUxTUVY5NkRYNlJYWUdnS1pqU1h2UUxuTWVDY1hPU2RXVXVEQlZmOVFSVlo1ejh4eUNDZjlNR3NrN04yM1R0eVdEUENlMnNaWGN4Y2F5MnU0RmFGTWRIcHRPcml4WWxZOGgzb2hHbTJGX3NSQ3NoN1VUMThPMEtPdWFGTw?oc=5\" target=\"_blank\" rel=\"nofollow noopener\">Infla\u00e7\u00e3o anual da zona do euro desacelera para 2,8% em junho<\/a>&nbsp;&nbsp;Valor Econ\u00f4mico<\/li>\n<li><a href=\"https:\/\/news.google.com\/rss\/articles\/CBMiqgFBVV95cUxOVWZTY3Q3YmkyUkNSb3JkQXNhWkZOaXE5VmtackVtMHRMN1pOTzNfVUk4cmJsNTd6TTNoaHBGOF82ZGFDc3hkV29wbTE4bFZzejlQZHljS3RuZlJQNHJRNFExeklETlgxekZES2QwTW81YW9RbHdRdmJFUTR3X01GTGFjMTVaWG1SWXZDQVZuWE5sSWc1SkRmenBaZUJpaXdZYktEWVN1NlRydw?oc=5\" target=\"_blank\" rel=\"nofollow noopener\">Zona euro: infla\u00e7\u00e3o confirmada em 2,8%, chega para BCE fazer pausa?<\/a>&nbsp;&nbsp;Euronews<\/li>\n<li><a href=\"https:\/\/news.google.com\/rss\/articles\/CBMizwFBVV95cUxOOF9zaHo3a2J0eWlkdUhOYXlhcHVhN3FvTm91cldWTVBxMldubWRTclNQUExfNjZQWG1DRlljMngtR1ZDa1J6aF9hVE5KdUxkUmRyelNNUVcyenQyXzI1ZEc2YW5nVnBfLWw3alJrV0gyZHJCYWRpZEdyVUt2WEVPSWRsNVBUWHQzUXNSakhPRkFGREJXbU9RTUhPU3hrbWpNT1B5QnBISGMzV3VHRzVseldobC11OGVJVjFRQ1RDMFMtNWpUbG53NXRjZ1JXQ2c?oc=5\" target=\"_blank\" rel=\"nofollow noopener\">Zona do euro: CPI anual desacelera a 2,8% em junho e confirma pr\u00e9via<\/a>&nbsp;&nbsp;UOL Economia<\/li>\n<li><a href=\"https:\/\/news.google.com\/rss\/articles\/CBMiwgFBVV95cUxQclNObVpmdDc4ZldzTG1ZLTNCQjRWX1BPWTVSMEt1ZjVuUnlISGZDeEV5X3J1NXd5MzdRZUpvNThjRU9QT2k4dFNTMTZOTV9Ob2E2ZHBwWVJBUklyRnItR2lURjI0UWhyY3BXV1lOMnBvalNiRTA1U05MRVc1NWJOSkI1VTlpZW4tUlpFSm0zMXp5VnpISFVsRl9LR09QWXBBNEZraWl4cl93em5wQmxKcjBrb0xSejVyVmZIMU10WUZuUQ?oc=5\" target=\"_blank\" rel=\"nofollow noopener\">Infla\u00e7\u00e3o da Zona Euro e imobili\u00e1rio dos EUA testam EUR\/USD<\/a>&nbsp;&nbsp;XTB.com<\/li>\n<\/ol>\n","protected":false},"excerpt":{"rendered":"Portugal, Espanha, Litu\u00e2nia e Chipre s\u00e3o os \u00fanicos pa\u00edses do euro onde a infla\u00e7\u00e3o n\u00e3o alivia&nbsp;&nbsp;Di\u00e1rio de Not\u00edcias&hellip;\n","protected":false},"author":2,"featured_media":455930,"comment_status":"","ping_status":"","sticky":false,"template":"","format":"standard","meta":{"footnotes":"","_share_on_mastodon":"0"},"categories":[83],"tags":[99,72997,88,73000,89,90,72998,72994,73003,73002,72992,72999,73001,72996,28372,32,72993,72995,33,73004],"class_list":["post-455929","post","type-post","status-publish","format-standard","has-post-thumbnail","category-empresas","tag-banco-central-europeu","tag-bce-juros","tag-business","tag-chipre-inflacao","tag-economy","tag-empresas","tag-espanha-inflacao","tag-eurostat-dados","tag-gas-natural-europeu","tag-guerra-eua-irao","tag-inflacao-zona-euro","tag-lituania-inflacao","tag-margens-combustiveis","tag-petroleo-golfo-persico","tag-poder-de-compra","tag-portugal","tag-portugal-inflacao","tag-precos-energia","tag-pt","tag-taxa-inflacao-anual"],"share_on_mastodon":{"url":"https:\/\/pubeurope.com\/@pt\/116950873189863355","error":""},"_links":{"self":[{"href":"https:\/\/www.europesays.com\/pt\/wp-json\/wp\/v2\/posts\/455929","targetHints":{"allow":["GET"]}}],"collection":[{"href":"https:\/\/www.europesays.com\/pt\/wp-json\/wp\/v2\/posts"}],"about":[{"href":"https:\/\/www.europesays.com\/pt\/wp-json\/wp\/v2\/types\/post"}],"author":[{"embeddable":true,"href":"https:\/\/www.europesays.com\/pt\/wp-json\/wp\/v2\/users\/2"}],"replies":[{"embeddable":true,"href":"https:\/\/www.europesays.com\/pt\/wp-json\/wp\/v2\/comments?post=455929"}],"version-history":[{"count":0,"href":"https:\/\/www.europesays.com\/pt\/wp-json\/wp\/v2\/posts\/455929\/revisions"}],"wp:featuredmedia":[{"embeddable":true,"href":"https:\/\/www.europesays.com\/pt\/wp-json\/wp\/v2\/media\/455930"}],"wp:attachment":[{"href":"https:\/\/www.europesays.com\/pt\/wp-json\/wp\/v2\/media?parent=455929"}],"wp:term":[{"taxonomy":"category","embeddable":true,"href":"https:\/\/www.europesays.com\/pt\/wp-json\/wp\/v2\/categories?post=455929"},{"taxonomy":"post_tag","embeddable":true,"href":"https:\/\/www.europesays.com\/pt\/wp-json\/wp\/v2\/tags?post=455929"}],"curies":[{"name":"wp","href":"https:\/\/api.w.org\/{rel}","templated":true}]}}