{"id":456296,"date":"2026-07-20T14:02:26","date_gmt":"2026-07-20T14:02:26","guid":{"rendered":"https:\/\/www.europesays.com\/pt\/456296\/"},"modified":"2026-07-20T14:02:26","modified_gmt":"2026-07-20T14:02:26","slug":"oppo-a7-pro-max-esta-chegando-em-breve-com-bateria-de-10-000mah","status":"publish","type":"post","link":"https:\/\/www.europesays.com\/pt\/456296\/","title":{"rendered":"Oppo A7 Pro Max est\u00e1 chegando em breve com bateria de 10.000mAh"},"content":{"rendered":"<p>Os celulares com baterias cada vez maiores est\u00e3o deixando de ser exce\u00e7\u00e3o, e a <a class=\"lib tg-lib\" href=\"https:\/\/www.oficinadanet.com.br\/oppo\" rel=\"nofollow noopener\" target=\"_blank\">Oppo<\/a> parece pronta para dar mais um passo nessa dire\u00e7\u00e3o. Um novo vazamento indica que a fabricante trabalha no <strong data-end=\"290\">Oppo A7 Pro Max<\/strong>, um modelo que pode estrear com uma bateria de impressionantes <strong data-end=\"368\">10.000 mAh<\/strong>. Se a informa\u00e7\u00e3o estiver correta, ele ser\u00e1 o primeiro smartphone da marca a atingir essa capacidade.<\/p>\n<p>As informa\u00e7\u00f5es foram divulgadas pelo conhecido leaker <strong data-end=\"589\">Digital Chat Station<\/strong>, no Weibo. Segundo ele, o Oppo A7 Pro Max ser\u00e1 o primeiro aparelho da empresa equipado com uma bateria de <strong data-end=\"710\">10.000 mAh<\/strong>, refor\u00e7ando um rumor publicado ainda em junho. Outro detalhe que chama a aten\u00e7\u00e3o \u00e9 a espessura do aparelho. Mesmo com uma bateria desse tamanho, o smartphone deve medir apenas <strong data-end=\"899\">8,47 mm<\/strong>.<\/p>\n<p>A recarga r\u00e1pida de <strong data-end=\"1031\">80 W<\/strong> tamb\u00e9m aparece entre as especifica\u00e7\u00f5es esperadas. Com isso, a Oppo pretende reduzir o tempo necess\u00e1rio para recuperar boa parte da carga da bateria.O vazamento aponta que o Oppo A7 Pro Max ter\u00e1 uma tela <strong data-end=\"1308\">AMOLED plana de 6,78 polegadas<\/strong>. A resolu\u00e7\u00e3o ser\u00e1 <strong data-end=\"1335\">1,5K<\/strong>, enquanto a taxa de atualiza\u00e7\u00e3o chegar\u00e1 a <strong data-end=\"1388\">120 Hz<\/strong>.<\/p>\n<p>            &#13;<br \/>\n                    &#13;<br \/>\n                        &#13;<br \/>\n                        &#13;<br \/>\n                        &#13;<br \/>\n                        &#13;<br \/>\n                        <img decoding=\"async\" loading=\"lazy\" width=\"330\" height=\"196\" src=\"https:\/\/www.europesays.com\/pt\/wp-content\/uploads\/2026\/07\/a6x-oppo.jpg\"  alt=\"Novo vazamento revela as principais especifica\u00e7\u00f5es do Oppo A7 Pro Max, incluindo Snapdragon 4 Gen 5 e bateria de 10.000 mAh.\" title=\"Novo vazamento revela as principais especifica\u00e7\u00f5es do Oppo A7 Pro Max, incluindo Snapdragon 4 Gen 5 e bateria de 10.000 mAh.\"\/>&#13;<br \/>\n                    Novo vazamento revela as principais especifica\u00e7\u00f5es do Oppo A7 Pro Max, incluindo <a class=\"lib tg-lib\" href=\"https:\/\/www.oficinadanet.com.br\/onresponde\/64103-o-que-e-snapdragon-8-elite\" rel=\"nofollow noopener\" target=\"_blank\">Snapdragon<\/a> 4 Gen 5 e bateria de 10.000 mAh.&#13;<\/p>\n<p>Para dar vida ao aparelho, a fabricante deve utilizar o <strong data-end=\"1469\">Snapdragon 4 Gen 5<\/strong>, plataforma da Qualcomm destinada aos celulares intermedi\u00e1rios. Ainda n\u00e3o h\u00e1 informa\u00e7\u00f5es sobre as op\u00e7\u00f5es de mem\u00f3ria que estar\u00e3o dispon\u00edveis.<\/p>\n<p>Na traseira, o smartphone deve trazer uma c\u00e2mera principal de <strong data-end=\"1720\">50 MP<\/strong>. Um segundo sensor de <strong data-end=\"1751\">2 MP<\/strong> completa o conjunto fotogr\u00e1fico. Na parte frontal, a expectativa \u00e9 de uma c\u00e2mera de <strong data-end=\"1846\">50 MP<\/strong> para selfies e chamadas de v\u00eddeo.<\/p>\n<p>Quando \u00e9 o lan\u00e7amento?<\/p>\n<p>A Oppo ainda n\u00e3o confirmou a exist\u00eancia do <strong>A<\/strong><strong>7 Pro Max<\/strong>, mas os <a class=\"lib tg-lib\" href=\"https:\/\/www.oficinadanet.com.br\/rumores\" rel=\"nofollow noopener\" target=\"_blank\">rumores<\/a> indicam que a nova linha<strong> A7 <\/strong>pode ser anunciada nas pr\u00f3ximas semanas.<\/p>\n<p><a href=\"https:\/\/www.gsmarena.com\/oppo_a7_pro_max_is_coming_soon_with_a_10000mah_battery-news-73790.php\" class=\"tg-link-manual\" rel=\"nofollow  noopener\" target=\"_blank\">Fonte<\/a><\/p>\n","protected":false},"excerpt":{"rendered":"Os celulares com baterias cada vez maiores est\u00e3o deixando de ser exce\u00e7\u00e3o, e a Oppo parece pronta para&hellip;\n","protected":false},"author":2,"featured_media":456297,"comment_status":"","ping_status":"","sticky":false,"template":"","format":"standard","meta":{"footnotes":"","_share_on_mastodon":"0"},"categories":[84],"tags":[6059,109,107,108,13,13070,73067,32,33,105,103,104,954,106,110],"class_list":["post-456296","post","type-post","status-publish","format-standard","has-post-thumbnail","category-ciencia-e-tecnologia","tag-bateria","tag-ciencia","tag-ciencia-e-tecnologia","tag-cienciaetecnologia","tag-noticias","tag-oppo","tag-oppo-a7-pro-max","tag-portugal","tag-pt","tag-science","tag-science-and-technology","tag-scienceandtechnology","tag-smartphones","tag-technology","tag-tecnologia"],"share_on_mastodon":{"url":"https:\/\/pubeurope.com\/@pt\/116952678788066801","error":""},"_links":{"self":[{"href":"https:\/\/www.europesays.com\/pt\/wp-json\/wp\/v2\/posts\/456296","targetHints":{"allow":["GET"]}}],"collection":[{"href":"https:\/\/www.europesays.com\/pt\/wp-json\/wp\/v2\/posts"}],"about":[{"href":"https:\/\/www.europesays.com\/pt\/wp-json\/wp\/v2\/types\/post"}],"author":[{"embeddable":true,"href":"https:\/\/www.europesays.com\/pt\/wp-json\/wp\/v2\/users\/2"}],"replies":[{"embeddable":true,"href":"https:\/\/www.europesays.com\/pt\/wp-json\/wp\/v2\/comments?post=456296"}],"version-history":[{"count":0,"href":"https:\/\/www.europesays.com\/pt\/wp-json\/wp\/v2\/posts\/456296\/revisions"}],"wp:featuredmedia":[{"embeddable":true,"href":"https:\/\/www.europesays.com\/pt\/wp-json\/wp\/v2\/media\/456297"}],"wp:attachment":[{"href":"https:\/\/www.europesays.com\/pt\/wp-json\/wp\/v2\/media?parent=456296"}],"wp:term":[{"taxonomy":"category","embeddable":true,"href":"https:\/\/www.europesays.com\/pt\/wp-json\/wp\/v2\/categories?post=456296"},{"taxonomy":"post_tag","embeddable":true,"href":"https:\/\/www.europesays.com\/pt\/wp-json\/wp\/v2\/tags?post=456296"}],"curies":[{"name":"wp","href":"https:\/\/api.w.org\/{rel}","templated":true}]}}