{"id":456388,"date":"2026-07-20T15:13:18","date_gmt":"2026-07-20T15:13:18","guid":{"rendered":"https:\/\/www.europesays.com\/pt\/456388\/"},"modified":"2026-07-20T15:13:18","modified_gmt":"2026-07-20T15:13:18","slug":"multa-recorde-de-550-milhoes-de-euros-ao-aliexpress","status":"publish","type":"post","link":"https:\/\/www.europesays.com\/pt\/456388\/","title":{"rendered":"Multa recorde de 550 milh\u00f5es de euros ao AliExpress"},"content":{"rendered":"<p>A Comiss\u00e3o Europeia aplicou uma multa de 550 milh\u00f5es de euros ao AliExpress por considerar que a plataforma n\u00e3o tomou medidas suficientes para impedir a venda de produtos ilegais, perigosos e contrafeitos aos consumidores europeus. Trata-se da maior san\u00e7\u00e3o aplicada at\u00e9 \u00e0 data ao abrigo da Lei dos Servi\u00e7os Digitais (Digital Services Act &#8211; DSA).<\/p>\n<p><a target=\"_blank\" href=\"https:\/\/pplware.sapo.pt\/wp-content\/uploads\/2026\/07\/ali.jpg\" onclick=\"refreshIframe()\" class=\"foobox\" rel=\"nofollow noopener\"><img fetchpriority=\"high\" decoding=\"async\" src=\"https:\/\/www.europesays.com\/pt\/wp-content\/uploads\/2026\/07\/ali-720x405.jpg\" alt=\"Multa recorde de 550 milh\u00f5es de euros ao AliExpress\" width=\"720\" height=\"405\" class=\"aligncenter wp-image-1130744 size-medium\"  \/><\/a><\/p>\n<p>AliExpress falhou na identifica\u00e7\u00e3o da identifica\u00e7\u00e3o de produtos ilegais<\/p>\n<p>Segundo Bruxelas, a plataforma, pertencente ao grupo Alibaba, falhou na identifica\u00e7\u00e3o e mitiga\u00e7\u00e3o dos riscos associados \u00e0 comercializa\u00e7\u00e3o de produtos ilegais. A investiga\u00e7\u00e3o concluiu que o AliExpress n\u00e3o disp\u00f5e de mecanismos eficazes para impedir a venda de artigos contrafeitos, brinquedos inseguros, cosm\u00e9ticos perigosos e outros produtos que representam um risco para os consumidores.<\/p>\n<p>A Comiss\u00e3o Europeia refere ainda que os sistemas de recomenda\u00e7\u00e3o e publicidade da plataforma contribu\u00edram para aumentar a visibilidade destes produtos e que muitos permaneciam dispon\u00edveis durante semanas, mesmo depois de identificados como ilegais. Al\u00e9m disso, Bruxelas considera insuficientes as medidas adotadas contra vendedores reincidentes.<\/p>\n<p><a target=\"_blank\" href=\"https:\/\/pplware.sapo.pt\/wp-content\/uploads\/2023\/11\/aliexpress.jpg\" onclick=\"refreshIframe()\" class=\"foobox\" rel=\"nofollow noopener\"><img loading=\"lazy\" decoding=\"async\" src=\"https:\/\/www.europesays.com\/pt\/wp-content\/uploads\/2026\/07\/aliexpress-720x405.jpg\" alt=\"Multa recorde de 550 milh\u00f5es de euros ao AliExpress\" width=\"720\" height=\"405\" class=\"aligncenter wp-image-957066 size-medium\"  \/><\/a><\/p>\n<p>A investiga\u00e7\u00e3o teve in\u00edcio em 2024 e, apesar de o AliExpress ter assumido alguns compromissos para refor\u00e7ar a seguran\u00e7a da plataforma, a Comiss\u00e3o concluiu que esses esfor\u00e7os ficaram muito aqu\u00e9m do exigido pela legisla\u00e7\u00e3o europeia. A empresa ter\u00e1 agora de apresentar e implementar novas medidas corretivas dentro dos prazos definidos por Bruxelas, sob pena de enfrentar san\u00e7\u00f5es adicionais.<\/p>\n<p>Esta \u00e9 a terceira grande multa aplicada ao abrigo do DSA e ultrapassa largamente as san\u00e7\u00f5es anteriormente impostas a outras plataformas digitais, refor\u00e7ando a inten\u00e7\u00e3o da Uni\u00e3o Europeia de exigir maior responsabilidade aos grandes marketplaces que operam no espa\u00e7o europeu.<\/p>\n","protected":false},"excerpt":{"rendered":"A Comiss\u00e3o Europeia aplicou uma multa de 550 milh\u00f5es de euros ao AliExpress por considerar que a plataforma&hellip;\n","protected":false},"author":2,"featured_media":456389,"comment_status":"","ping_status":"","sticky":false,"template":"","format":"standard","meta":{"footnotes":"","_share_on_mastodon":"0"},"categories":[83],"tags":[32762,88,89,90,6203,32,33],"class_list":["post-456388","post","type-post","status-publish","format-standard","has-post-thumbnail","category-empresas","tag-aliexpress","tag-business","tag-economy","tag-empresas","tag-multa","tag-portugal","tag-pt"],"share_on_mastodon":{"url":"https:\/\/pubeurope.com\/@pt\/116952957859365685","error":""},"_links":{"self":[{"href":"https:\/\/www.europesays.com\/pt\/wp-json\/wp\/v2\/posts\/456388","targetHints":{"allow":["GET"]}}],"collection":[{"href":"https:\/\/www.europesays.com\/pt\/wp-json\/wp\/v2\/posts"}],"about":[{"href":"https:\/\/www.europesays.com\/pt\/wp-json\/wp\/v2\/types\/post"}],"author":[{"embeddable":true,"href":"https:\/\/www.europesays.com\/pt\/wp-json\/wp\/v2\/users\/2"}],"replies":[{"embeddable":true,"href":"https:\/\/www.europesays.com\/pt\/wp-json\/wp\/v2\/comments?post=456388"}],"version-history":[{"count":0,"href":"https:\/\/www.europesays.com\/pt\/wp-json\/wp\/v2\/posts\/456388\/revisions"}],"wp:featuredmedia":[{"embeddable":true,"href":"https:\/\/www.europesays.com\/pt\/wp-json\/wp\/v2\/media\/456389"}],"wp:attachment":[{"href":"https:\/\/www.europesays.com\/pt\/wp-json\/wp\/v2\/media?parent=456388"}],"wp:term":[{"taxonomy":"category","embeddable":true,"href":"https:\/\/www.europesays.com\/pt\/wp-json\/wp\/v2\/categories?post=456388"},{"taxonomy":"post_tag","embeddable":true,"href":"https:\/\/www.europesays.com\/pt\/wp-json\/wp\/v2\/tags?post=456388"}],"curies":[{"name":"wp","href":"https:\/\/api.w.org\/{rel}","templated":true}]}}