{"id":456484,"date":"2026-07-20T16:38:27","date_gmt":"2026-07-20T16:38:27","guid":{"rendered":"https:\/\/www.europesays.com\/pt\/456484\/"},"modified":"2026-07-20T16:38:27","modified_gmt":"2026-07-20T16:38:27","slug":"protagonista-de-filme-sobre-elize-matsunaga-critica-fascinio-por-assassina","status":"publish","type":"post","link":"https:\/\/www.europesays.com\/pt\/456484\/","title":{"rendered":"Protagonista de filme sobre Elize Matsunaga critica fasc\u00ednio por assassina"},"content":{"rendered":"<p>Prestes a viver a primeira protagonista da carreira, <strong><a href=\"https:\/\/www.instagram.com\/lorenacomparato\" target=\"_blank\" rel=\"noopener nofollow\">Lorena Comparato<\/a> estreia como Elize Matsunaga no filme <a href=\"https:\/\/www.metropoles.com\/entretenimento\/televisao\/netflix-divulga-trailer-de-filme-sobre-elize-matsunaga-assista\" rel=\"nofollow noopener\" target=\"_blank\">Elize: Sombras de Uma Mulher<\/a>, que vai ao ar nesta quarta-feira<\/strong> <strong>(22\/7)<\/strong>. Para a atriz, o sentimento de interpretar a criminosa foi um misto de alegria, por causa do passo importante na carreira, e uma responsabilidade muito grande.<\/p>\n<p>Ao <strong>Metr\u00f3poles<\/strong>, Lorena revelou que, quando foi convidada a fazer o teste para o papel, ficou muito interessada no mergulho art\u00edstico que ele poderia fornecer. Para ela, como atriz, viver a personagem foi muito interessante por causa das camadas, da profundidade e da complexidade da hist\u00f3ria.<\/p>\n<p>Lorena, inclusive, citou a controv\u00e9rsia da ode que \u00e9 feita atualmente para Elize.<\/p>\n<blockquote class=\"m-blockquote m-destaque\">\n<p>\u201c<strong>Acho muito complexo a gente ser f\u00e3 de uma assassina<\/strong>, acho sempre muito complexo a gente falar dessa quest\u00e3o da viol\u00eancia e de, n\u00f3s, mulheres, acharmos que retribuindo na mesma moeda da viol\u00eancia que \u00e9 t\u00e3o feita com a gente, vai ter uma solu\u00e7\u00e3o\u201d, avaliou.<\/p>\n<\/blockquote>\n<p>Comparato espera que o novo filme possa ser uma oportunidade de refletir sobre <strong>desarmamento, rela\u00e7\u00f5es t\u00f3xicas e complexas<\/strong> e sobre como a sociedade pode melhorar a partir dessas reflex\u00f5es.<\/p>\n<p><a target=\"_blank\" href=\"https:\/\/whatsapp.com\/channel\/0029Va9kFgRId7nRaEwtHh1m\" class=\"flex justify-center items-center gap-3 px-3 py-2.5 bg-green-500 text-white! no-underline! font-bold rounded-full my-4\" rel=\"nofollow noopener\">Entre no canal de WhatsApp<br \/>\ndo Metr\u00f3poles<\/a><br \/>\n<img decoding=\"async\" alt=\"Protagonista de filme sobre Elize Matsunaga critica fasc\u00ednio por assassina - destaque galeria\" title=\"Protagonista de filme sobre Elize Matsunaga critica fasc\u00ednio por assassina - destaque galeria\" src=\"https:\/\/www.europesays.com\/pt\/wp-content\/uploads\/2026\/07\/lorena-comparato-sobre-ode-a-elize-matsunaga2.jpg\" loading=\"lazy\"\/><\/p>\n<p>Fechar modal.<\/p>\n<p><img decoding=\"async\" alt=\"Metr\u00f3poles\" width=\"180\" height=\"32\" src=\"https:\/\/www.europesays.com\/pt\/wp-content\/uploads\/2026\/07\/1784175856_511_logo-metropoles-branca.png\" loading=\"lazy\"\/><img data-splide-lazy=\"https:\/\/i.metroimg.com\/scHQlMNLT0ztGEmLjSvcRhETTd9WDbWPAbixyx-1Ivo\/w:1200\/q:85\/f:webp\/plain\/https:\/\/images.metroimg.com\/2026\/07\/lorena-comparato-sobre-ode-a-elize-matsunaga2.jpg\" alt=\"Prestes a viver a primeira protagonista da carreira, Lorena Comparato estreia como Elize Matsunaga no filme Elize: Sombras de Uma Mulher, que vai ao ar nesta quarta-feira (22\/7)\" title=\"Prestes a viver a primeira protagonista da carreira, Lorena Comparato estreia como Elize Matsunaga no filme Elize: Sombras de Uma Mulher, que vai ao ar nesta quarta-feira (22\/7)\"\/>1 de 7<\/p>\n<p class=\"splide__caption\">Prestes a viver a primeira protagonista da carreira, Lorena Comparato estreia como Elize Matsunaga no filme Elize: Sombras de Uma Mulher, que vai ao ar nesta quarta-feira (22\/7)<\/p>\n<p>Divulga\u00e7\u00e3o\/ Netflix<img data-splide-lazy=\"https:\/\/i.metroimg.com\/7T-d4YUgDNDE-66fzEgVqIDp7OitFM6Futju1jb0I5I\/w:1200\/q:85\/f:webp\/plain\/https:\/\/images.metroimg.com\/2026\/07\/lorena-comparato-sobre-ode-a-elize-matsunaga3.jpg\" alt=\"Para a atriz, o sentimento de interpretar a criminosa foi um misto de alegria, por causa do passo importante na carreira, e uma responsabilidade muito grande\" title=\"Para a atriz, o sentimento de interpretar a criminosa foi um misto de alegria, por causa do passo importante na carreira, e uma responsabilidade muito grande\"\/>2 de 7<\/p>\n<p class=\"splide__caption\">Para a atriz, o sentimento de interpretar a criminosa foi um misto de alegria, por causa do passo importante na carreira, e uma responsabilidade muito grande<\/p>\n<p>Divulga\u00e7\u00e3o\/ Netflix<img data-splide-lazy=\"https:\/\/i.metroimg.com\/17_JEVcIuIFT5SMhDb0mSEPUPOatFYrLCnQwc8dUH8U\/w:1200\/q:85\/f:webp\/plain\/https:\/\/images.metroimg.com\/2026\/07\/lorena-comparato-sobre-ode-a-elize-matsunaga4.jpg\" alt=\"Ao Metr\u00f3poles, Lorena revelou que, quando foi convidada a fazer o teste para o papel, ficou muito interessada no mergulho art\u00edstico que ele poderia fornecer\" title=\"Ao Metr\u00f3poles, Lorena revelou que, quando foi convidada a fazer o teste para o papel, ficou muito interessada no mergulho art\u00edstico que ele poderia fornecer\"\/>3 de 7<\/p>\n<p class=\"splide__caption\">Ao Metr\u00f3poles, Lorena revelou que, quando foi convidada a fazer o teste para o papel, ficou muito interessada no mergulho art\u00edstico que ele poderia fornecer<\/p>\n<p>Divulga\u00e7\u00e3o\/ Netflix<img data-splide-lazy=\"https:\/\/i.metroimg.com\/IhTDQx2YXFArwDVZ3RMfpffMLfqLLWdy1xIRvdLfUj0\/w:1200\/q:85\/f:webp\/plain\/https:\/\/images.metroimg.com\/2026\/07\/lorena-comparato-sobre-ode-a-elize-matsunaga5.jpg\" alt=\"Para ela, como atriz, viver a personagem foi muito interessante por causa das camadas, da profundidade e da complexidade da hist\u00f3ria\" title=\"Para ela, como atriz, viver a personagem foi muito interessante por causa das camadas, da profundidade e da complexidade da hist\u00f3ria\"\/>4 de 7<\/p>\n<p class=\"splide__caption\">Para ela, como atriz, viver a personagem foi muito interessante por causa das camadas, da profundidade e da complexidade da hist\u00f3ria<\/p>\n<p>Divulga\u00e7\u00e3o\/ Netflix<img data-splide-lazy=\"https:\/\/i.metroimg.com\/UtYYUbFXgSSmJhYrE6kuef7SDPaE3e47IMKPXQhJ5Xg\/w:1200\/q:85\/f:webp\/plain\/https:\/\/images.metroimg.com\/2026\/07\/lorena-comparato-sobre-ode-a-elize-matsunaga6.jpg\" alt=\"Lorena, inclusive, citou a controv\u00e9rsia da ode que \u00e9 feita atualmente para Elize\" title=\"Lorena, inclusive, citou a controv\u00e9rsia da ode que \u00e9 feita atualmente para Elize\"\/>5 de 7<\/p>\n<p class=\"splide__caption\">Lorena, inclusive, citou a controv\u00e9rsia da ode que \u00e9 feita atualmente para Elize<\/p>\n<p>Divulga\u00e7\u00e3o\/ Netflix<img data-splide-lazy=\"https:\/\/i.metroimg.com\/zTY3ZxNtjNnPhbeltYaeshQeHWeC8THuTU5sAcCnooI\/w:1200\/q:85\/f:webp\/plain\/https:\/\/images.metroimg.com\/2026\/07\/lorena-comparato-sobre-ode-a-elize-matsunaga7.jpg\" alt=\"Comparato espera que o novo filme possa ser uma oportunidade de refletir sobre desarmamento, sobre rela\u00e7\u00f5es t\u00f3xicas e complexas e sobre como a sociedade pode melhorar a partir dessas reflex\u00f5es\" title=\"Comparato espera que o novo filme possa ser uma oportunidade de refletir sobre desarmamento, sobre rela\u00e7\u00f5es t\u00f3xicas e complexas e sobre como a sociedade pode melhorar a partir dessas reflex\u00f5es\"\/>6 de 7<\/p>\n<p class=\"splide__caption\">Comparato espera que o novo filme possa ser uma oportunidade de refletir sobre desarmamento, sobre rela\u00e7\u00f5es t\u00f3xicas e complexas e sobre como a sociedade pode melhorar a partir dessas reflex\u00f5es<\/p>\n<p>Divulga\u00e7\u00e3o\/ Netflix<img data-splide-lazy=\"https:\/\/i.metroimg.com\/0anc6hFiUs48FCpVoIWRnWHCi4CIalsjDuz40V8J6ns\/w:1200\/q:85\/f:webp\/plain\/https:\/\/images.metroimg.com\/2026\/07\/lorena-comparato-sobre-ode-a-elize-matsunaga8.jpg\" alt=\"Apesar de ter \u201cvivido na pele\u201d o que Elize Matsunaga deve ter passado na \u00e9poca do assassinato de Marcos, Lorena avalia que n\u00e3o cabe a ela, como atriz, julgar o porqu\u00ea uma personagem faz ou n\u00e3o certas escolhas e explica que o longa \u00e9 baseado na percep\u00e7\u00e3o do diretor, Felipe Vellas, e dos roteiristas Raphael Montes e Mariana Torres sobre o crime\" title=\"Apesar de ter \u201cvivido na pele\u201d o que Elize Matsunaga deve ter passado na \u00e9poca do assassinato de Marcos, Lorena avalia que n\u00e3o cabe a ela, como atriz, julgar o porqu\u00ea uma personagem faz ou n\u00e3o certas escolhas e explica que o longa \u00e9 baseado na percep\u00e7\u00e3o do diretor, Felipe Vellas, e dos roteiristas Raphael Montes e Mariana Torres sobre o crime\"\/>7 de 7<\/p>\n<p class=\"splide__caption\">Apesar de ter \u201cvivido na pele\u201d o que Elize Matsunaga deve ter passado na \u00e9poca do assassinato de Marcos, Lorena avalia que n\u00e3o cabe a ela, como atriz, julgar o porqu\u00ea uma personagem faz ou n\u00e3o certas escolhas e explica que o longa \u00e9 baseado na percep\u00e7\u00e3o do diretor, Felipe Vellas, e dos roteiristas Raphael Montes e Mariana Torres sobre o crime<\/p>\n<p>Divulga\u00e7\u00e3o\/ Netflix<\/p>\n<p>Apesar de ter vivido Elize Matsunaga \u201cna pele\u201d,\u00a0 Lorena evita fazer julgamentos sobre os motivos da personagem ter feito certas escolhas e explica que o longa \u00e9 baseado na percep\u00e7\u00e3o do diretor, Felipe Vellas, e dos roteiristas Raphael Montes e Mariana Torres sobre o crime.<\/p>\n<blockquote class=\"m-blockquote m-destaque\">\n<p>\u201cEu acho que s\u00e3o todas escolhas de um ponto de vista dessa mulher. E \u00e9 uma constru\u00e7\u00e3o de uma personagem ficcional. Ali \u00e9 tudo imaginado. <strong>\u00c9 um filme baseado em fatos reais.<\/strong> Eu acho que tem uma liberdade muito grande da gente poder contar esse recorte. E, ao mesmo tempo, eu sinto que, durante o processo todo, foi tudo feito com muito respeito e responsabilidade, porque a gente est\u00e1 fazendo um filme sobre um crime e em nenhum momento a gente se esqueceu disso\u201d, disse.<\/p>\n<\/blockquote>\n<p>Lorena acredita que <strong>Elize: Sombras de Uma Mulher permitiu que a produ\u00e7\u00e3o \u201cbebesse na fonte dos fatos reais\u201d<\/strong> para <a href=\"https:\/\/www.metropoles.com\/entretenimento\/cinema\/filme-de-elize-matsunaga-compare-os-atores-com-os-envolvidos-no-crime\" rel=\"nofollow noopener\" target=\"_blank\">filtrar e construir os personagens inspirados na hist\u00f3ria real<\/a>.<\/p>\n<p>True Crime<\/p>\n<p>O <a href=\"https:\/\/www.metropoles.com\/entretenimento\/televisao\/caso-elize-matsunaga-sera-contado-em-producao-da-netflix\" rel=\"nofollow noopener\" target=\"_blank\">assassinato de Marcos Matsunaga, herdeiro e diretor executivo da Yoki, chocou o Brasil em maio de 2012<\/a> pelos detalhes brutais do crime e, at\u00e9 hoje, novos livros, filmes e s\u00e9ries s\u00e3o lan\u00e7ados sobre o caso. Para Comparato, ter mais um longa que retrata o ocorrido n\u00e3o torna a hist\u00f3ria \u201cbatida\u201d.<\/p>\n<p>F\u00e3 de true crime, a atriz revelou ao <strong>Metr\u00f3poles<\/strong> que ap\u00f3s ver uma produ\u00e7\u00e3o do g\u00eanero, <strong>costuma pesquisar tudo sobre o caso, para saber o que \u00e9 verdade e o que \u00e9 fic\u00e7\u00e3o<\/strong>.<\/p>\n<p>\u201cEu imagino que os espectadores do nosso filme fa\u00e7am um acompanhamento do caso. Eu acho que existe essa vontade de assistir, de saber mais\u201d, ponderou. Al\u00e9m disso, ela considera que Elize: Sombras de uma Mulher \u00e9 um mergulho maior no que pode ter sido a hist\u00f3ria que chocou o Brasil.<\/p>\n<blockquote class=\"m-blockquote m-destaque\">\n<p>\u201cEu acho que \u00e9 muito fascinante para a gente, como sociedade, ver esses horrores no palco, como diria Nelson Rodrigues: \u2018como s\u00e3o as trag\u00e9dias gregas\u2019, justamente para a gente aprender e n\u00e3o replicar. Para a gente refletir e se distanciar deles\u201d, refletiu.<\/p>\n<\/blockquote>\n<p>Elize: Sombras de uma Mulher<\/p>\n<p>O filme original da Netflix tem estreia marcada para 22 de julho de 2026. O longa \u00e9 um suspense dram\u00e1tico que promete ir al\u00e9m do assassinato de Marcos Matsunaga, ocorrido em 2012. <strong>Assista ao trailer abaixo:<\/strong><\/p>\n<p>Focado na trajet\u00f3ria de Elize desde sua inf\u00e2ncia humilde, o filme aborda a mudan\u00e7a para S\u00e3o Paulo, o casamento com um empres\u00e1rio rico e os bastidores de uma rela\u00e7\u00e3o marcada por conflitos e trai\u00e7\u00f5es, mostrando as decis\u00f5es e os dilemas que culminaram no crime.<\/p>\n<p><script async src=\"\/\/www.instagram.com\/embed.js\"><\/script><\/p>\n","protected":false},"excerpt":{"rendered":"Prestes a viver a primeira protagonista da carreira, Lorena Comparato estreia como Elize Matsunaga no filme Elize: Sombras&hellip;\n","protected":false},"author":2,"featured_media":456485,"comment_status":"","ping_status":"","sticky":false,"template":"","format":"standard","meta":{"footnotes":"","_share_on_mastodon":"0"},"categories":[140],"tags":[3438,604,114,115,147,471,148,146,716,73140,32,33],"class_list":["post-456484","post","type-post","status-publish","format-standard","has-post-thumbnail","category-filmes","tag-assassinato","tag-crime","tag-entertainment","tag-entretenimento","tag-film","tag-filme","tag-filmes","tag-movies","tag-netflix","tag-originais-netflix","tag-portugal","tag-pt"],"share_on_mastodon":{"url":"https:\/\/pubeurope.com\/@pt\/116953292321143200","error":""},"_links":{"self":[{"href":"https:\/\/www.europesays.com\/pt\/wp-json\/wp\/v2\/posts\/456484","targetHints":{"allow":["GET"]}}],"collection":[{"href":"https:\/\/www.europesays.com\/pt\/wp-json\/wp\/v2\/posts"}],"about":[{"href":"https:\/\/www.europesays.com\/pt\/wp-json\/wp\/v2\/types\/post"}],"author":[{"embeddable":true,"href":"https:\/\/www.europesays.com\/pt\/wp-json\/wp\/v2\/users\/2"}],"replies":[{"embeddable":true,"href":"https:\/\/www.europesays.com\/pt\/wp-json\/wp\/v2\/comments?post=456484"}],"version-history":[{"count":0,"href":"https:\/\/www.europesays.com\/pt\/wp-json\/wp\/v2\/posts\/456484\/revisions"}],"wp:featuredmedia":[{"embeddable":true,"href":"https:\/\/www.europesays.com\/pt\/wp-json\/wp\/v2\/media\/456485"}],"wp:attachment":[{"href":"https:\/\/www.europesays.com\/pt\/wp-json\/wp\/v2\/media?parent=456484"}],"wp:term":[{"taxonomy":"category","embeddable":true,"href":"https:\/\/www.europesays.com\/pt\/wp-json\/wp\/v2\/categories?post=456484"},{"taxonomy":"post_tag","embeddable":true,"href":"https:\/\/www.europesays.com\/pt\/wp-json\/wp\/v2\/tags?post=456484"}],"curies":[{"name":"wp","href":"https:\/\/api.w.org\/{rel}","templated":true}]}}