{"id":456716,"date":"2026-07-20T20:09:15","date_gmt":"2026-07-20T20:09:15","guid":{"rendered":"https:\/\/www.europesays.com\/pt\/456716\/"},"modified":"2026-07-20T20:09:15","modified_gmt":"2026-07-20T20:09:15","slug":"do-duche-para-os-palcos-jessica-vieira-revela-como-se-tornou-cantora","status":"publish","type":"post","link":"https:\/\/www.europesays.com\/pt\/456716\/","title":{"rendered":"Do duche para os palcos: J\u00e9ssica Vieira revela como se tornou cantora!"},"content":{"rendered":"<p>J\u00e9ssica Vieira surpreendeu tudo e todos ao revelar, no in\u00edcio do ano, que <a href=\"https:\/\/selfie.iol.pt\/famosos\/big-brother-verao\/surpresa-jessica-vieira-torna-se-cantora-com-tema-produzido-por-bruna\/20260102\/69582df2d34e3caad84d0ab2\" target=\"_blank\" rel=\"nofollow noopener\">se tornou cantora<\/a>. Em conversa com a imprensa, na Summer Party TVI Millenium Estoril Open, que se realizou na Marina de Cascais, no passado s\u00e1bado, dia 18, a nortenha referiu que <a href=\"https:\/\/selfie.iol.pt\/famosos\/jessica-vieira\/feliz-jessica-vieira-revela-ja-ha-concertos-marcados\/20260719\/6a5ce5b2d34e511da0b2e5f3\" target=\"_blank\" rel=\"nofollow noopener\">j\u00e1 tem concertos marcados<\/a> e contou como \u00e9 que esta aventura come\u00e7ou.<\/p>\n<p>&#8220;Tinha a m\u00fasica na cabe\u00e7a, mas ficava no duche. Ou seja, cantava s\u00f3 no duche&#8221;, come\u00e7ou por dizer.<\/p>\n<p>&#8220;Mas a minha Bruna disse-me: &#8216;N\u00e3o, eu vou fazer de ti um rouxinol&#8217;. E, pronto, mal sa\u00ed da casa, eles pegaram em mim e fizemos acontecer. N\u00e3o tinha ideia de que iria correr t\u00e3o bem&#8221;, findou.<\/p>\n<p>Recorde-se que J\u00e9ssica Vieira conta j\u00e1 com dois singles.<\/p>\n","protected":false},"excerpt":{"rendered":"J\u00e9ssica Vieira surpreendeu tudo e todos ao revelar, no in\u00edcio do ano, que se tornou cantora. Em conversa&hellip;\n","protected":false},"author":2,"featured_media":456717,"comment_status":"","ping_status":"","sticky":false,"template":"","format":"standard","meta":{"footnotes":"","_share_on_mastodon":"0"},"categories":[145],"tags":[48,1640,211,210,114,115,741,980,72831,1417,619,32,33,1014,1012,162],"class_list":["post-456716","post","type-post","status-publish","format-standard","has-post-thumbnail","category-celebridades","tag-big-brother","tag-cantora","tag-celebridades","tag-celebrities","tag-entertainment","tag-entretenimento","tag-entrevista","tag-famosos","tag-festa-de-verao-tvi","tag-jessica-vieira","tag-nacional","tag-portugal","tag-pt","tag-reality-show","tag-selfie","tag-tvi"],"share_on_mastodon":{"url":"https:\/\/pubeurope.com\/@pt\/116954121305026792","error":""},"_links":{"self":[{"href":"https:\/\/www.europesays.com\/pt\/wp-json\/wp\/v2\/posts\/456716","targetHints":{"allow":["GET"]}}],"collection":[{"href":"https:\/\/www.europesays.com\/pt\/wp-json\/wp\/v2\/posts"}],"about":[{"href":"https:\/\/www.europesays.com\/pt\/wp-json\/wp\/v2\/types\/post"}],"author":[{"embeddable":true,"href":"https:\/\/www.europesays.com\/pt\/wp-json\/wp\/v2\/users\/2"}],"replies":[{"embeddable":true,"href":"https:\/\/www.europesays.com\/pt\/wp-json\/wp\/v2\/comments?post=456716"}],"version-history":[{"count":0,"href":"https:\/\/www.europesays.com\/pt\/wp-json\/wp\/v2\/posts\/456716\/revisions"}],"wp:featuredmedia":[{"embeddable":true,"href":"https:\/\/www.europesays.com\/pt\/wp-json\/wp\/v2\/media\/456717"}],"wp:attachment":[{"href":"https:\/\/www.europesays.com\/pt\/wp-json\/wp\/v2\/media?parent=456716"}],"wp:term":[{"taxonomy":"category","embeddable":true,"href":"https:\/\/www.europesays.com\/pt\/wp-json\/wp\/v2\/categories?post=456716"},{"taxonomy":"post_tag","embeddable":true,"href":"https:\/\/www.europesays.com\/pt\/wp-json\/wp\/v2\/tags?post=456716"}],"curies":[{"name":"wp","href":"https:\/\/api.w.org\/{rel}","templated":true}]}}