{"id":45713,"date":"2025-08-26T11:48:10","date_gmt":"2025-08-26T11:48:10","guid":{"rendered":"https:\/\/www.europesays.com\/pt\/45713\/"},"modified":"2025-08-26T11:48:10","modified_gmt":"2025-08-26T11:48:10","slug":"marina-ruy-barbosa-relata-desespero-com-sumico-de-importante-membro-da-familia","status":"publish","type":"post","link":"https:\/\/www.europesays.com\/pt\/45713\/","title":{"rendered":"Marina Ruy Barbosa relata desespero com sumi\u00e7o de importante membro da fam\u00edlia"},"content":{"rendered":"<p>\n                        Marina Ruy Barbosa usou as redes sociais para revelar que um importante membro da fam\u00edlia, Jo\u00e3o, sumiu no s\u00e1bado (23): &#8216;S\u00f3 sei que preciso de ajuda&#8217;\n                    <\/p>\n<p><img loading=\"lazy\" decoding=\"async\" alt=\"Marina Ruy Barbosa est\u00e1 desesperada por not\u00edcias do seu gato Jo\u00e3o, que est\u00e1 desaparecido.\" class=\"img-e77e02a05aec6cbe464c92a4ecbc5d00644c866c\" height=\"455\" src=\"https:\/\/www.europesays.com\/pt\/wp-content\/uploads\/2025\/08\/455170759-1243ad5b2b1432ad-1400x823-1.jpg\"  title=\"Marina Ruy Barbosa est\u00e1 desesperada por not\u00edcias do seu gato Jo\u00e3o, que est\u00e1 desaparecido.\" width=\"774\"\/><\/p>\n<p>Marina Ruy Barbosa est\u00e1 desesperada por not\u00edcias do seu gato Jo\u00e3o, que est\u00e1 desaparecido.<\/p>\n<p>Foto: Reprodu\u00e7\u00e3o, Amazon Prime \/ Purepeople<\/p>\n<p class=\"text\"><a href=\"https:\/\/www.purepeople.com.br\/famosos\/marina-ruy-barbosa_p2752\" rel=\"nofollow noopener\" target=\"_blank\"><strong>Marina Ruy Barbosa<\/strong> <\/a>usou suas redes sociais para revelar o <a href=\"https:\/\/www.purepeople.com.br\/noticia\/marina-ruy-barbosa-posa-com-pet-e-fas-elogiam-uma-gata-com-outro-gato_a145675\/1\" rel=\"nofollow noopener\" target=\"_blank\">sumi\u00e7o de um de seus gatos, Jo\u00e3o. Apaixonada por felinos<\/a>, a atriz revelou que o pet desapareceu no s\u00e1bado (23) na \u00e1rea da Barra da Tijuca, Zona Oeste do Rio de Janeiro. &#8220;<strong>N\u00e3o sei se ele est\u00e1 machucado, se algu\u00e9m fez alguma maldade\u2026 s\u00f3 sei que preciso de ajuda<\/strong>&#8220;, legendou a protagonista de &#8220;Trememb\u00e9&#8221;, <a href=\"https:\/\/www.purepeople.com.br\/noticia\/marina-ruy-barbosa-aparece-pela-1-vez-como-suzane-von-richthofen-em-teaser-da-serie-tremembe-e-web-reage-com-criticas-e-elogios_a410567\/1\" rel=\"nofollow noopener\" target=\"_blank\">s\u00e9rie na qual d\u00e1 vida a Suzane von Richthofen<\/a>, condenada por participa\u00e7\u00e3o na morte dos pais em 2002.<\/p>\n<p class=\"text\">Noiva do empres\u00e1rio <a href=\"https:\/\/www.purepeople.com.br\/noticia\/fora-da-festa-de-marquezine-marina-ruy-barbosa-curte-festa-de-33-anos-da-filha-de-gloria-pires-com-o-noivo_a410509\/1\" rel=\"nofollow noopener\" target=\"_blank\">Abdul Fares, com quem descartou crise na rela\u00e7\u00e3o de dois anos<\/a>, Marina afirmou que o mascote, de 10 anos, costuma fazer passeios pela vizinhan\u00e7a. &#8220;Sempre volta pra casa \u2014 dessa vez n\u00e3o voltou&#8221;, frisou. &#8220;Ele sabe o caminho de volta. Sempre soube&#8221;, acrescentou a <a href=\"https:\/\/www.purepeople.com.br\/noticia\/marina-ruy-barbosa-em-vale-tudo-reacende-rumores-com-alexandre-nero-o-marco-aurelio-sera-que-ela-encontrou-ele_a408311\/1\" rel=\"nofollow noopener\" target=\"_blank\">atriz, vista recentemente em participa\u00e7\u00e3o especial na novela &#8220;Vale Tudo&#8221;<\/a>.<\/p>\n<p>\n  &#8216;Parte do meu suporte emocional&#8217;, definiu Marina sobre pet desaparecido\n<\/p>\n<p class=\"text\">Marina relatou ainda ter resgatado Jo\u00e3o ao lado dos irm\u00e3os. &#8220;Ele foi o \u00fanico que n\u00e3o foi adotado, e ficou comigo. <strong>Desde ent\u00e3o, \u00e9 parte da minha fam\u00edlia e tamb\u00e9m do meu suporte emocional<\/strong>. Quem me conhece minimamente sabe o quanto meus gatos s\u00e3o importantes para mim&#8221;, prosseguiu a empres\u00e1ria.<\/p>\n<p class=\"text\">&#8220;Se algu\u00e9m tiver visto o Jo\u00e3o ou tiver qualquer informa\u00e7\u00e3o, por favor me avise. Pe\u00e7o, de cora\u00e7\u00e3o, que voc\u00eas compartilhem essas imagens e esse pedido, pra que ele possa voltar para casa. N\u00e3o sei se ele est\u00e1 machucado, se algu\u00e9m fez alguma maldade\u2026 s\u00f3 sei que preciso de ajuda&#8221;, finalizou a <a href=\"https:\/\/www.purepeople.com.br\/noticia\/cabelo-faz-marina-ruy-barbosa-e-suzy-rego-carmem-de-a-viagem-terem-essa-inesperada-ligacao-descubra_a407835\/1\" rel=\"nofollow noopener\" target=\"_blank\">artista, dona de uma liga\u00e7\u00e3o inesperad&#8230;<\/a><\/p>\n<p class=\"text\"><a href=\"https:\/\/www.purepeople.com.br\/noticia\/marina-ruy-barbosa-revela-sumico-de-importante-membro-da-familia-e-implora-por-ajuda-da-web-meu-suporte-emocional_a410811\/1\" rel=\"nofollow noopener\" target=\"_blank\">Veja mais<\/a><\/p>\n<p class=\"text\"><b>Mat\u00e9rias relacionadas<\/b><\/p>\n<p class=\"text\"><a href=\"https:\/\/www.purepeople.com.br\/noticia\/marina-ruy-barbosa-e-ruiva-de-verdade-e-agora-esta-loira-fotos-da-mudanca-inedita-de-visual-no-cabelo-da-atriz-senti-que-era-hora_a407329\/1\" rel=\"nofollow noopener\" target=\"_blank\">Marina Ruy Barbosa est\u00e1 loira! Atriz pinta o cabelo ruivo pela 1\u00aa vez pouco antes de fazer 30 anos: &#8216;Senti que era a hora&#8217;<\/a><\/p>\n<p class=\"text\"><a href=\"https:\/\/www.purepeople.com.br\/noticia\/virginia-fonseca-na-cpi-das-bets-famosa-usa-tres-relogios-de-ouro-de-uma-so-vez-e-web-alfineta-fatura-alto-o-tigrinho_a407478\/1\" rel=\"nofollow noopener\" target=\"_blank\">Virginia usa de uma s\u00f3 vez tr\u00eas rel\u00f3gios de luxo (e de R$ 400 mil!) e web n\u00e3o perdoa: &#8216;Para n\u00e3o perder a hora da pr\u00f3xima CPI&#8217;<\/a><\/p>\n<p class=\"text\"><a href=\"https:\/\/www.purepeople.com.br\/noticia\/vale-tudo-enfrenta-novo-climao-apos-post-na-web-mas-dessa-vez-caua-reymond-e-bella-campos-nao-tem-nada-com-isso_a407747\/1\" rel=\"nofollow noopener\" target=\"_blank\">&#8216;Vale Tudo&#8217; enfrenta novo clim\u00e3o ap\u00f3s post na web, mas dessa vez Cau\u00e3 Reymond e Bella Campos n\u00e3o t\u00eam nada com isso<\/a><\/p>\n<p class=\"text\"><a href=\"https:\/\/www.purepeople.com.br\/noticia\/como-esta-whindersson-nunes-hoje-apos-internacao-em-clinica-de-reabilitacao-famoso-faz-forte-e-importante-relato-parar-de-beber_a407890\/1\" rel=\"nofollow noopener\" target=\"_blank\">&#8216;Se eu n\u00e3o t\u00f4 conseguindo parar de beber&#8230;&#8217;: Whindersson Nunes faz relato forte e importante sobre per\u00edodo internado em reabilita\u00e7\u00e3o<\/a><\/p>\n<p class=\"text\"><a href=\"https:\/\/www.purepeople.com.br\/noticia\/a-vez-da-gravata-feminina-marina-ruy-barbosa-larissa-manoela-e-cleo-usam-o-acessorio-em-menos-de-48h-e-apontam-tendencia_a407638\/1\" rel=\"nofollow noopener\" target=\"_blank\">A vez da gravata feminina: Marina Ruy Barbosa, Larissa Manoela e Cleo usam o acess\u00f3rio em menos de 48h e apontam tend\u00eancia<\/a><\/p>\n","protected":false},"excerpt":{"rendered":"Marina Ruy Barbosa usou as redes sociais para revelar que um importante membro da fam\u00edlia, Jo\u00e3o, sumiu no&hellip;\n","protected":false},"author":2,"featured_media":45714,"comment_status":"","ping_status":"","sticky":false,"template":"","format":"standard","meta":{"footnotes":""},"categories":[142],"tags":[114,115,32,33,151],"class_list":{"0":"post-45713","1":"post","2":"type-post","3":"status-publish","4":"format-standard","5":"has-post-thumbnail","7":"category-tv","8":"tag-entertainment","9":"tag-entretenimento","10":"tag-portugal","11":"tag-pt","12":"tag-tv"},"share_on_mastodon":{"url":"","error":""},"_links":{"self":[{"href":"https:\/\/www.europesays.com\/pt\/wp-json\/wp\/v2\/posts\/45713","targetHints":{"allow":["GET"]}}],"collection":[{"href":"https:\/\/www.europesays.com\/pt\/wp-json\/wp\/v2\/posts"}],"about":[{"href":"https:\/\/www.europesays.com\/pt\/wp-json\/wp\/v2\/types\/post"}],"author":[{"embeddable":true,"href":"https:\/\/www.europesays.com\/pt\/wp-json\/wp\/v2\/users\/2"}],"replies":[{"embeddable":true,"href":"https:\/\/www.europesays.com\/pt\/wp-json\/wp\/v2\/comments?post=45713"}],"version-history":[{"count":0,"href":"https:\/\/www.europesays.com\/pt\/wp-json\/wp\/v2\/posts\/45713\/revisions"}],"wp:featuredmedia":[{"embeddable":true,"href":"https:\/\/www.europesays.com\/pt\/wp-json\/wp\/v2\/media\/45714"}],"wp:attachment":[{"href":"https:\/\/www.europesays.com\/pt\/wp-json\/wp\/v2\/media?parent=45713"}],"wp:term":[{"taxonomy":"category","embeddable":true,"href":"https:\/\/www.europesays.com\/pt\/wp-json\/wp\/v2\/categories?post=45713"},{"taxonomy":"post_tag","embeddable":true,"href":"https:\/\/www.europesays.com\/pt\/wp-json\/wp\/v2\/tags?post=45713"}],"curies":[{"name":"wp","href":"https:\/\/api.w.org\/{rel}","templated":true}]}}