{"id":457398,"date":"2026-07-21T11:42:12","date_gmt":"2026-07-21T11:42:12","guid":{"rendered":"https:\/\/www.europesays.com\/pt\/457398\/"},"modified":"2026-07-21T11:42:12","modified_gmt":"2026-07-21T11:42:12","slug":"quem-ama-cuida-joel-demonstra-interesse-por-adriana-televisao","status":"publish","type":"post","link":"https:\/\/www.europesays.com\/pt\/457398\/","title":{"rendered":"Quem Ama Cuida: Joel demonstra interesse por Adriana | Televis\u00e3o"},"content":{"rendered":"<p>                                        Joel (Ricardo Teodoro) conhece Adriana (Let\u00edcia Colin)  &#8211; Manoella Mello \/ TV Globo<\/p>\n<p class=\"content-media__description\">Joel (Ricardo Teodoro) conhece Adriana (Let\u00edcia Colin) Manoella Mello \/ TV Globo<\/p>\n<p>                                                        Publicado 21\/07\/2026 07:31 | Atualizado 21\/07\/2026 07:35\n                    <\/p>\n<p>                    Rio &#8211; Adriana (Let\u00edcia Colin) vai conhecer Joel (Ricardo Teodoro) em cena prevista para ir ao ar nesta ter\u00e7a-feira (21) em &#8220;Quem Ama Cuida&#8221;, da TV Globo. O chef do restaurante mineiro demonstrar\u00e1 interesse pela <a href=\"https:\/\/odia.ig.com.br\/diversao\/televisao\/2026\/07\/7273806-com-reviravoltas-nova-fase-de-quem-ama-cuida-inicia-nesta-segunda.html\" rel=\"nofollow noopener\" target=\"_blank\">fisioterapeuta<\/a> e ainda convidar\u00e1 a fam\u00edlia da vi\u00fava de Arthur (Antonio Fagundes) para ir at\u00e9 o estabelecimento.\u00a0<\/p>\n<p>Tudo acontece quando Adriana se encontra com Nancy (Jeniffer Nascimento) e Lyris (Pri Helena) para saber informa\u00e7\u00f5es sobre Ulisses (Alexandre Borges). A irm\u00e3 de Nicolau (Rodrigo Fagundes) contar\u00e1 \u00e0 amiga que o irm\u00e3o de Pilar (Isabel Teixeira) demonstrou ressentimento em rela\u00e7\u00e3o a ela, alegando que\u00a0a jovem teria motivos para prejudicar o empres\u00e1rio do ramo de joias.\u00a0A fisioterapeuta se revolta com os coment\u00e1rios dele.<\/p>\n<p>O clima tenso \u00e9 minimizado quando Nancy apresenta Joel \u00e0s amigas e o chef recebe elogios das ex-detentas pela comida. Ele, ent\u00e3o, demonstra interesse por Adriana. Atentas, Nancy e Lyris percebem a atra\u00e7\u00e3o do chef pela amiga e brincam com ela. A neta de Otoniel (Tony Ramos),\u00a0entretanto, deixa claro que\u00a0n\u00e3o pensa em nenhum envolvimento amoroso em meio aos \u00faltimos acontecimentos de sua vida e o plano de vingan\u00e7a.<\/p>\n","protected":false},"excerpt":{"rendered":"Joel (Ricardo Teodoro) conhece Adriana (Let\u00edcia Colin) &#8211; Manoella Mello \/ TV Globo Joel (Ricardo Teodoro) conhece Adriana&hellip;\n","protected":false},"author":2,"featured_media":457399,"comment_status":"","ping_status":"","sticky":false,"template":"","format":"standard","meta":{"footnotes":"","_share_on_mastodon":"0"},"categories":[142],"tags":[56956,114,115,723,2931,32,33,35878,151,2323],"class_list":["post-457398","post","type-post","status-publish","format-standard","has-post-thumbnail","category-tv","tag-adriana","tag-entertainment","tag-entretenimento","tag-joel","tag-novela","tag-portugal","tag-pt","tag-quem-ama-cuida","tag-tv","tag-tv-globo"],"share_on_mastodon":{"url":"https:\/\/pubeurope.com\/@pt\/116957790160259963","error":""},"_links":{"self":[{"href":"https:\/\/www.europesays.com\/pt\/wp-json\/wp\/v2\/posts\/457398","targetHints":{"allow":["GET"]}}],"collection":[{"href":"https:\/\/www.europesays.com\/pt\/wp-json\/wp\/v2\/posts"}],"about":[{"href":"https:\/\/www.europesays.com\/pt\/wp-json\/wp\/v2\/types\/post"}],"author":[{"embeddable":true,"href":"https:\/\/www.europesays.com\/pt\/wp-json\/wp\/v2\/users\/2"}],"replies":[{"embeddable":true,"href":"https:\/\/www.europesays.com\/pt\/wp-json\/wp\/v2\/comments?post=457398"}],"version-history":[{"count":0,"href":"https:\/\/www.europesays.com\/pt\/wp-json\/wp\/v2\/posts\/457398\/revisions"}],"wp:featuredmedia":[{"embeddable":true,"href":"https:\/\/www.europesays.com\/pt\/wp-json\/wp\/v2\/media\/457399"}],"wp:attachment":[{"href":"https:\/\/www.europesays.com\/pt\/wp-json\/wp\/v2\/media?parent=457398"}],"wp:term":[{"taxonomy":"category","embeddable":true,"href":"https:\/\/www.europesays.com\/pt\/wp-json\/wp\/v2\/categories?post=457398"},{"taxonomy":"post_tag","embeddable":true,"href":"https:\/\/www.europesays.com\/pt\/wp-json\/wp\/v2\/tags?post=457398"}],"curies":[{"name":"wp","href":"https:\/\/api.w.org\/{rel}","templated":true}]}}