{"id":45743,"date":"2025-08-26T12:23:22","date_gmt":"2025-08-26T12:23:22","guid":{"rendered":"https:\/\/www.europesays.com\/pt\/45743\/"},"modified":"2025-08-26T12:23:22","modified_gmt":"2025-08-26T12:23:22","slug":"lil-nas-x-e-acusado-por-quatro-crimes-apos-ser-abordado-seminu-e-preso-nos-eua","status":"publish","type":"post","link":"https:\/\/www.europesays.com\/pt\/45743\/","title":{"rendered":"Lil Nas X \u00e9 acusado por quatro crimes ap\u00f3s ser abordado seminu e preso nos EUA"},"content":{"rendered":"<p>O cantor Lil Nas X, vencedor do Grammy, se declarou inocente nesta segunda-feira (25 de agosto) ap\u00f3s ser acusado de quatro crimes em Los Angeles, nos Estados Unidos. <\/p>\n<p>Segundo as autoridades, o artista <a href=\"https:\/\/sbtnews.sbt.com.br\/noticia\/mundo\/lil-nas-x-e-detido-apos-ser-abordado-seminu-e-atacar-policiais-em-los-angeles\" target=\"_self\" rel=\"nofollow noopener\">agrediu policiais ap\u00f3s ser encontrado andando pelas ruas da cidade apenas de cueca<\/a>. Os agentes disseram acreditar que ele estava sob efeito de drogas no momento da abordagem.<\/p>\n<p><a href=\"https:\/\/sbtnews.sbt.com.br\/noticia\/policia\/homem-acusado-de-fazer-ameacas-ao-youtuber-felca-e-preso-em-pernambuco\" target=\"_self\" rel=\"nofollow noopener\">+ Homem acusado de fazer amea\u00e7as ao youtuber Felca \u00e9 preso em Pernambuco<\/a><\/p>\n<p><a href=\"https:\/\/sbtnews.sbt.com.br\/noticia\/brasil\/justica-de-sp-torna-gato-preto-reu-por-violencia-domestica-contra-bia-miranda\" target=\"_self\" rel=\"nofollow noopener\">+ Justi\u00e7a de SP torna Gato Preto r\u00e9u por viol\u00eancia dom\u00e9stica contra Bia Miranda<\/a><\/p>\n<p>Um juiz de Los Angeles fixou a fian\u00e7a em US$ 75 mil e determinou que o cantor participe de reuni\u00f5es dos Narc\u00f3ticos An\u00f4nimos.<\/p>\n<p>A defesa, representada pela advogada Christy O&#8217;Connor, negou o uso de subst\u00e2ncias ilegais e afirmou que o epis\u00f3dio foi um ponto fora da curva na vida do m\u00fasico.<\/p>\n<p>Lil Nas X, cujo nome verdadeiro \u00e9 Montero Lamar Hill, foi acusado de tr\u00eas crimes de agress\u00e3o a policiais e um de resist\u00eancia \u00e0 autoridade.<\/p>\n","protected":false},"excerpt":{"rendered":"O cantor Lil Nas X, vencedor do Grammy, se declarou inocente nesta segunda-feira (25 de agosto) ap\u00f3s ser&hellip;\n","protected":false},"author":2,"featured_media":45744,"comment_status":"","ping_status":"","sticky":false,"template":"","format":"standard","meta":{"footnotes":""},"categories":[145],"tags":[211,210,114,115,12935,32,33],"class_list":{"0":"post-45743","1":"post","2":"type-post","3":"status-publish","4":"format-standard","5":"has-post-thumbnail","7":"category-celebridades","8":"tag-celebridades","9":"tag-celebrities","10":"tag-entertainment","11":"tag-entretenimento","12":"tag-lil-nas-x","13":"tag-portugal","14":"tag-pt"},"share_on_mastodon":{"url":"","error":""},"_links":{"self":[{"href":"https:\/\/www.europesays.com\/pt\/wp-json\/wp\/v2\/posts\/45743","targetHints":{"allow":["GET"]}}],"collection":[{"href":"https:\/\/www.europesays.com\/pt\/wp-json\/wp\/v2\/posts"}],"about":[{"href":"https:\/\/www.europesays.com\/pt\/wp-json\/wp\/v2\/types\/post"}],"author":[{"embeddable":true,"href":"https:\/\/www.europesays.com\/pt\/wp-json\/wp\/v2\/users\/2"}],"replies":[{"embeddable":true,"href":"https:\/\/www.europesays.com\/pt\/wp-json\/wp\/v2\/comments?post=45743"}],"version-history":[{"count":0,"href":"https:\/\/www.europesays.com\/pt\/wp-json\/wp\/v2\/posts\/45743\/revisions"}],"wp:featuredmedia":[{"embeddable":true,"href":"https:\/\/www.europesays.com\/pt\/wp-json\/wp\/v2\/media\/45744"}],"wp:attachment":[{"href":"https:\/\/www.europesays.com\/pt\/wp-json\/wp\/v2\/media?parent=45743"}],"wp:term":[{"taxonomy":"category","embeddable":true,"href":"https:\/\/www.europesays.com\/pt\/wp-json\/wp\/v2\/categories?post=45743"},{"taxonomy":"post_tag","embeddable":true,"href":"https:\/\/www.europesays.com\/pt\/wp-json\/wp\/v2\/tags?post=45743"}],"curies":[{"name":"wp","href":"https:\/\/api.w.org\/{rel}","templated":true}]}}