{"id":457458,"date":"2026-07-21T12:36:18","date_gmt":"2026-07-21T12:36:18","guid":{"rendered":"https:\/\/www.europesays.com\/pt\/457458\/"},"modified":"2026-07-21T12:36:18","modified_gmt":"2026-07-21T12:36:18","slug":"em-clima-de-romance-ana-hickmann-nade-em-lago-grego-e-brinda-com-edu-guedes","status":"publish","type":"post","link":"https:\/\/www.europesays.com\/pt\/457458\/","title":{"rendered":"Em clima de romance, Ana Hickmann nade em lago grego e brinda com Edu Guedes"},"content":{"rendered":"<p class=\"PDq2pG_selectionAnchorContainer\" data-start=\"102\" data-end=\"448\"><a href=\"https:\/\/natelinha.uol.com.br\/famosos\/tudo-sobre\/ana-hickmann\" rel=\"nofollow noopener\" target=\"_blank\">Ana Hickmann<\/a> abriu o \u00e1lbum de sua viagem de f\u00e9rias com <a href=\"https:\/\/natelinha.uol.com.br\/famosos\/tudo-sobre\/edu-guedes\" rel=\"nofollow noopener\" target=\"_blank\">Edu Guedes<\/a> e compartilhou, nesta segunda-feira (20), os primeiros registros da temporada do casal na Gr\u00e9cia. Entre passeios hist\u00f3ricos, experi\u00eancias gastron\u00f4micas e momentos de descanso, a apresentadora mostrou parte do roteiro vivido em Atenas e encantou os seguidores com cenas de romance.<\/p>\n<p data-start=\"450\" data-end=\"537\">Na legenda da publica\u00e7\u00e3o, Ana resumiu a experi\u00eancia dos primeiros dias no pa\u00eds europeu. &#8220;F\u00e9rias! Nossos dois primeiros dias na Gr\u00e9cia. Come\u00e7amos por Athenas. Dias incr\u00edveis!&#8221;, escreveu.<\/p>\n<p data-start=\"450\" data-end=\"537\">+\u00a0<a href=\"https:\/\/natelinha.uol.com.br\/famosos\/2026\/06\/19\/dediquei-minha-vida-para-construir-diz-ana-hickmann-ao-visitar-mansao-colocada-em-leilao-243719.php\" target=\"_blank\" rel=\"noopener noreferrer nofollow\">&#8220;Dediquei minha vida para construir&#8221;, diz Ana Hickmann ao visitar mans\u00e3o colocada em leil\u00e3o<\/a><\/p>\n<p data-start=\"634\" data-end=\"989\">O v\u00eddeo come\u00e7a ainda durante o voo, com Ana gravando uma selfie ao lado de Edu Guedes dentro do avi\u00e3o. Na sequ\u00eancia, o casal exibe a chegada ao destino e uma verdadeira maratona gastron\u00f4mica, com pratos da culin\u00e1ria mediterr\u00e2nea, como paella de frutos do mar, ostras frescas, carpaccio, massas, carnes e diferentes entradas preparadas com azeite de oliva.<\/p>\n<p data-start=\"991\" data-end=\"1334\">Al\u00e9m da gastronomia, os dois tamb\u00e9m percorreram alguns dos principais cart\u00f5es-postais da capital grega. As imagens mostram o Ode\u00e3o de Herodes \u00c1tico, a Acr\u00f3pole, o Partenon, o Erecteion com o tradicional P\u00f3rtico das Cari\u00e1tides e o Est\u00e1dio Panatenaico, monumentos que fazem parte da hist\u00f3ria da Gr\u00e9cia Antiga e atraem visitantes de todo o mundo.<\/p>\n<p>Ana Hickmann e Edu Guedes aproveitaram restaurante<\/p>\n<blockquote class=\"instagram-media\" data-instgrm-captioned=\"\" data-instgrm-version=\"7\" style=\"width:100%;\"><p>\n\t\t\t\t\t\t\t\t\t<a href=\"https:\/\/www.instagram.com\/p\/DbBinZnNOBt\/\" rel=\"nofollow noopener\" target=\"_blank\">\n\t\t\t\t\t\t\t\t<\/p><\/blockquote>\n<p data-start=\"1336\" data-end=\"1622\">Depois do roteiro cultural, Ana e Edu seguiram para o Lago Vouliagmeni, conhecido pelas \u00e1guas cristalinas e pela paisagem cercada por pared\u00f5es rochosos. A apresentadora apareceu sorrindo enquanto nadava no local, aproveitando o cen\u00e1rio de \u00e1guas transparentes sob o sol do ver\u00e3o europeu.<\/p>\n<p data-start=\"1336\" data-end=\"1622\">+\u00a0<a href=\"https:\/\/natelinha.uol.com.br\/famosos\/2026\/06\/11\/ana-hickmann-encerra-segredo-e-anuncia-projeto-sobre-clodovil-hernandes-me-emocionei-243341.php\" target=\"_blank\" rel=\"noopener noreferrer nofollow\">Ana Hickmann encerra segredo e anuncia projeto sobre Clodovil Hernandes: \u201cMe emocionei\u201d<\/a><\/p>\n<p data-start=\"1624\" data-end=\"1895\">O passeio terminou em um restaurante \u00e0 beira do lago. Sentados em uma mesa ao ar livre, o casal brindou diante da c\u00e2mera: Ana segurava um drinque verde decorado com uma fatia de pepino, enquanto Edu levantava uma ta\u00e7a de vinho tinto, encerrando o dia em clima de romance.<\/p>\n<p>                    <script async src=\"\/\/www.instagram.com\/embed.js\"><\/script><\/p>\n","protected":false},"excerpt":{"rendered":"Ana Hickmann abriu o \u00e1lbum de sua viagem de f\u00e9rias com Edu Guedes e compartilhou, nesta segunda-feira (20),&hellip;\n","protected":false},"author":2,"featured_media":457459,"comment_status":"","ping_status":"","sticky":false,"template":"","format":"standard","meta":{"footnotes":"","_share_on_mastodon":"0"},"categories":[145],"tags":[6500,211,210,6497,114,115,32,33],"class_list":["post-457458","post","type-post","status-publish","format-standard","has-post-thumbnail","category-celebridades","tag-ana-hickmann","tag-celebridades","tag-celebrities","tag-edu-guedes","tag-entertainment","tag-entretenimento","tag-portugal","tag-pt"],"share_on_mastodon":{"url":"https:\/\/pubeurope.com\/@pt\/116958002273804262","error":""},"_links":{"self":[{"href":"https:\/\/www.europesays.com\/pt\/wp-json\/wp\/v2\/posts\/457458","targetHints":{"allow":["GET"]}}],"collection":[{"href":"https:\/\/www.europesays.com\/pt\/wp-json\/wp\/v2\/posts"}],"about":[{"href":"https:\/\/www.europesays.com\/pt\/wp-json\/wp\/v2\/types\/post"}],"author":[{"embeddable":true,"href":"https:\/\/www.europesays.com\/pt\/wp-json\/wp\/v2\/users\/2"}],"replies":[{"embeddable":true,"href":"https:\/\/www.europesays.com\/pt\/wp-json\/wp\/v2\/comments?post=457458"}],"version-history":[{"count":0,"href":"https:\/\/www.europesays.com\/pt\/wp-json\/wp\/v2\/posts\/457458\/revisions"}],"wp:featuredmedia":[{"embeddable":true,"href":"https:\/\/www.europesays.com\/pt\/wp-json\/wp\/v2\/media\/457459"}],"wp:attachment":[{"href":"https:\/\/www.europesays.com\/pt\/wp-json\/wp\/v2\/media?parent=457458"}],"wp:term":[{"taxonomy":"category","embeddable":true,"href":"https:\/\/www.europesays.com\/pt\/wp-json\/wp\/v2\/categories?post=457458"},{"taxonomy":"post_tag","embeddable":true,"href":"https:\/\/www.europesays.com\/pt\/wp-json\/wp\/v2\/tags?post=457458"}],"curies":[{"name":"wp","href":"https:\/\/api.w.org\/{rel}","templated":true}]}}