{"id":457462,"date":"2026-07-21T12:41:22","date_gmt":"2026-07-21T12:41:22","guid":{"rendered":"https:\/\/www.europesays.com\/pt\/457462\/"},"modified":"2026-07-21T12:41:22","modified_gmt":"2026-07-21T12:41:22","slug":"25-anos-depois-como-esta-hoje-o-trio-principal-de-harry-potter","status":"publish","type":"post","link":"https:\/\/www.europesays.com\/pt\/457462\/","title":{"rendered":"25 anos depois: Como est\u00e1 hoje o trio principal de Harry Potter?"},"content":{"rendered":"<p>Marco no cinema e na cultura pop, a franquia Harry Potter teve o primeiro filme lan\u00e7ado h\u00e1 25 anos, em novembro de 2001. Passadas duas d\u00e9cadas e meia, o trio principal de atores Daniel Radcliffe, Emma Watson e Rupert Grint est\u00e3o bem diferentes de quando viveram Harry, Hermione e Rony, respectivamente.<\/p>\n<p>Confira, a seguir, como est\u00e1 hoje o trio principal de Harry Potter:<\/p>\n<p>+\u00a0<a href=\"https:\/\/natelinha.uol.com.br\/famosos\/2026\/07\/20\/autor-de-vamp-antonio-calmon-abencoa-remake-da-novela-que-faz-35-anos-244883.php\" target=\"_blank\" rel=\"noopener noreferrer nofollow\">Autor de Vamp, Ant\u00f4nio Calmon &#8220;aben\u00e7oa&#8221; remake da novela, que faz 35 anos<\/a><\/p>\n<p>continua depois da publicidade<\/p>\n<p>Daniel Radcliffe (Harry Potter)<\/p>\n<p><img decoding=\"async\" loading=\"lazy\" class=\"horizontal\" src=\"https:\/\/www.europesays.com\/pt\/wp-content\/uploads\/2026\/07\/harry-potter_2814.jpeg\" alt=\"25 anos depois: Como est\u00e1 hoje o trio principal de Harry Potter?\"\/><\/p>\n<p><a href=\"https:\/\/natelinha.uol.com.br\/famosos\/tudo-sobre\/daniel-radcliffe\" rel=\"nofollow noopener\" target=\"_blank\">Daniel Radcliffe<\/a> tem focado a sua carreira no teatro, com atua\u00e7\u00f5es aclamadas na Broadway, e no cinema independente. Esteve no musical Merrily We Roll Along (2025) e na com\u00e9dia Pizza Movie (2026), al\u00e9m de dublar a anima\u00e7\u00e3o Mulligan (2024). Em breve, tamb\u00e9m poder\u00e1 ser visto em Truque de Mestre: O 3\u00ba Ato.<\/p>\n<p>Aos 36 anos, ele vive com Erin Darke, com quem tem um filho, e tem uma fortuna estimada em cerca de 100 milh\u00f5es de libras.<\/p>\n<p>Emma Watson (Hermione)<\/p>\n<p><img decoding=\"async\" loading=\"lazy\" class=\"horizontal\" src=\"https:\/\/www.europesays.com\/pt\/wp-content\/uploads\/2026\/07\/hermione_5080.jpeg\" alt=\"25 anos depois: Como est\u00e1 hoje o trio principal de Harry Potter?\"\/><\/p>\n<p><a href=\"https:\/\/natelinha.uol.com.br\/famosos\/tudo-sobre\/emma-watson\" rel=\"nofollow noopener\" target=\"_blank\">Emma Watson<\/a> est\u00e1 afastada dos holofotes de Hollywood desde Ador\u00e1veis Mulheres (2019). Ela n\u00e3o tem novos pap\u00e9is nas telonas.<\/p>\n<p>Atualmente, aos 36 anos, a atriz divide seu tempo entre projetos pessoais, ativismo ambiental e social, com foco nos direitos das mulheres, estudos e projetos como diretora. Ela tamb\u00e9m mant\u00e9m uma marca de gim org\u00e2nico da fam\u00edlia.<\/p>\n<p>continua depois da publicidade<\/p>\n<p>Rupert Grint (Rony)<\/p>\n<p><img decoding=\"async\" loading=\"lazy\" class=\"horizontal\" src=\"https:\/\/www.europesays.com\/pt\/wp-content\/uploads\/2026\/07\/rony_9929.jpeg\" alt=\"25 anos depois: Como est\u00e1 hoje o trio principal de Harry Potter?\"\/><\/p>\n<p><a href=\"https:\/\/natelinha.uol.com.br\/famosos\/tudo-sobre\/rupert-grint\" rel=\"nofollow noopener\" target=\"_blank\">Rupert Grint<\/a> continua trabalhando como ator, geralmente em filmes de terror e suspense. Entre seus trabalhos mais recentes est\u00e1 o longa-metragem finland\u00eas Nightborn (2026) e a aclamada s\u00e9rie de suspense psicol\u00f3gico Servant (2019-2023).<\/p>\n<p>Fora das telas, mora na Inglaterra com a esposa, a atriz Georgia Groome, e as duas filhas do casal, Wednesday e Goldie. Ele est\u00e1 com 37 anos atualmente.<\/p>\n","protected":false},"excerpt":{"rendered":"Marco no cinema e na cultura pop, a franquia Harry Potter teve o primeiro filme lan\u00e7ado h\u00e1 25&hellip;\n","protected":false},"author":2,"featured_media":457463,"comment_status":"","ping_status":"","sticky":false,"template":"","format":"standard","meta":{"footnotes":"","_share_on_mastodon":"0"},"categories":[140],"tags":[15628,21871,114,115,147,148,700,146,32,33,59374],"class_list":["post-457462","post","type-post","status-publish","format-standard","has-post-thumbnail","category-filmes","tag-daniel-radcliffe","tag-emma-watson","tag-entertainment","tag-entretenimento","tag-film","tag-filmes","tag-harry-potter","tag-movies","tag-portugal","tag-pt","tag-rupert-grint"],"share_on_mastodon":{"url":"https:\/\/pubeurope.com\/@pt\/116958022612096002","error":""},"_links":{"self":[{"href":"https:\/\/www.europesays.com\/pt\/wp-json\/wp\/v2\/posts\/457462","targetHints":{"allow":["GET"]}}],"collection":[{"href":"https:\/\/www.europesays.com\/pt\/wp-json\/wp\/v2\/posts"}],"about":[{"href":"https:\/\/www.europesays.com\/pt\/wp-json\/wp\/v2\/types\/post"}],"author":[{"embeddable":true,"href":"https:\/\/www.europesays.com\/pt\/wp-json\/wp\/v2\/users\/2"}],"replies":[{"embeddable":true,"href":"https:\/\/www.europesays.com\/pt\/wp-json\/wp\/v2\/comments?post=457462"}],"version-history":[{"count":0,"href":"https:\/\/www.europesays.com\/pt\/wp-json\/wp\/v2\/posts\/457462\/revisions"}],"wp:featuredmedia":[{"embeddable":true,"href":"https:\/\/www.europesays.com\/pt\/wp-json\/wp\/v2\/media\/457463"}],"wp:attachment":[{"href":"https:\/\/www.europesays.com\/pt\/wp-json\/wp\/v2\/media?parent=457462"}],"wp:term":[{"taxonomy":"category","embeddable":true,"href":"https:\/\/www.europesays.com\/pt\/wp-json\/wp\/v2\/categories?post=457462"},{"taxonomy":"post_tag","embeddable":true,"href":"https:\/\/www.europesays.com\/pt\/wp-json\/wp\/v2\/tags?post=457462"}],"curies":[{"name":"wp","href":"https:\/\/api.w.org\/{rel}","templated":true}]}}