{"id":45789,"date":"2025-08-26T12:55:21","date_gmt":"2025-08-26T12:55:21","guid":{"rendered":"https:\/\/www.europesays.com\/pt\/45789\/"},"modified":"2025-08-26T12:55:21","modified_gmt":"2025-08-26T12:55:21","slug":"eventos-a-confraria-queirosiana-editora-de-obras-escolhidas","status":"publish","type":"post","link":"https:\/\/www.europesays.com\/pt\/45789\/","title":{"rendered":"Eventos &#8211; A Confraria Queirosiana editora de obras escolhidas"},"content":{"rendered":"<p>Solar Condes de Resende\u00a0<\/p>\n<p>18h30 \u2013 19h30<\/p>\n<p>O Prof. Doutor J. A. Gon\u00e7alves Guimar\u00e3es apresenta o tema \u00abA Confraria Queirosiana editora de obras escolhidas\u00bb na &#8220;Palestra da \u00faltima quinta-feira&#8221; de agosto.<\/p>\n<p>\u00a0<\/p>\n<p>&#8220;A associa\u00e7\u00e3o Amigos do Solar Condes de Resende \u2013 Confraria Queirosiana, ao longo dos anos da sua exist\u00eancia foi editando a Revista de Portugal, v\u00e1rios livros sobre diversos temas, cat\u00e1logos de exposi\u00e7\u00f5es e retomou a publica\u00e7\u00e3o da revista Gaya. Estudos de Hist\u00f3ria, arqueologia e Patrim\u00f3nio, transformando-se numa pequena editora de obras muito espec\u00edficas por diversos motivos. Estando presente na Feira do Livro do Porto, nesta palestra ser\u00e3o analisados os t\u00edtulos j\u00e1 editados e aqueles que est\u00e3o previstos para tempos pr\u00f3ximos\u201d.<\/p>\n<p>J. A. Gon\u00e7alves Guimar\u00e3es<\/p>\n<p>Acesso livre, presencial e por videoconfer\u00eancia<\/p>\n<p>Ingressar na reuni\u00e3o Zoom <a href=\"http:\/\/us02web.zoom.us\/j\/88252929339?pwd=hbXt7De5pe0bqsXB9rihbMYjJ6mVBN.1\" target=\"_blank\" rel=\"nofollow noopener\">AQUI<\/a>.<\/p>\n<p>ID da reuni\u00e3o: 882 5292 9339<\/p>\n<p>Senha: 248273<\/p>\n","protected":false},"excerpt":{"rendered":"Solar Condes de Resende\u00a0 18h30 \u2013 19h30 O Prof. Doutor J. A. Gon\u00e7alves Guimar\u00e3es apresenta o tema \u00abA&hellip;\n","protected":false},"author":2,"featured_media":45790,"comment_status":"","ping_status":"","sticky":false,"template":"","format":"standard","meta":{"footnotes":""},"categories":[143],"tags":[169,114,115,170,32,33],"class_list":{"0":"post-45789","1":"post","2":"type-post","3":"status-publish","4":"format-standard","5":"has-post-thumbnail","7":"category-livros","8":"tag-books","9":"tag-entertainment","10":"tag-entretenimento","11":"tag-livros","12":"tag-portugal","13":"tag-pt"},"share_on_mastodon":{"url":"","error":""},"_links":{"self":[{"href":"https:\/\/www.europesays.com\/pt\/wp-json\/wp\/v2\/posts\/45789","targetHints":{"allow":["GET"]}}],"collection":[{"href":"https:\/\/www.europesays.com\/pt\/wp-json\/wp\/v2\/posts"}],"about":[{"href":"https:\/\/www.europesays.com\/pt\/wp-json\/wp\/v2\/types\/post"}],"author":[{"embeddable":true,"href":"https:\/\/www.europesays.com\/pt\/wp-json\/wp\/v2\/users\/2"}],"replies":[{"embeddable":true,"href":"https:\/\/www.europesays.com\/pt\/wp-json\/wp\/v2\/comments?post=45789"}],"version-history":[{"count":0,"href":"https:\/\/www.europesays.com\/pt\/wp-json\/wp\/v2\/posts\/45789\/revisions"}],"wp:featuredmedia":[{"embeddable":true,"href":"https:\/\/www.europesays.com\/pt\/wp-json\/wp\/v2\/media\/45790"}],"wp:attachment":[{"href":"https:\/\/www.europesays.com\/pt\/wp-json\/wp\/v2\/media?parent=45789"}],"wp:term":[{"taxonomy":"category","embeddable":true,"href":"https:\/\/www.europesays.com\/pt\/wp-json\/wp\/v2\/categories?post=45789"},{"taxonomy":"post_tag","embeddable":true,"href":"https:\/\/www.europesays.com\/pt\/wp-json\/wp\/v2\/tags?post=45789"}],"curies":[{"name":"wp","href":"https:\/\/api.w.org\/{rel}","templated":true}]}}