{"id":45793,"date":"2025-08-26T12:57:13","date_gmt":"2025-08-26T12:57:13","guid":{"rendered":"https:\/\/www.europesays.com\/pt\/45793\/"},"modified":"2025-08-26T12:57:13","modified_gmt":"2025-08-26T12:57:13","slug":"radio-educadora-90-3-fm-previsao-do-tempo-para-os-proximos-5-dias-em-santa-catarina-27","status":"publish","type":"post","link":"https:\/\/www.europesays.com\/pt\/45793\/","title":{"rendered":"R\u00e1dio Educadora 90.3 FM \u00bb Previs\u00e3o do tempo para os pr\u00f3ximos 5 dias em Santa Catarina"},"content":{"rendered":"<p>                                <a href=\"\" title=\"Previs\u00e3o do tempo para os pr\u00f3ximos 5 dias em Santa Catarina\">&#13;<br \/>\n                                    <img decoding=\"async\" src=\"https:\/\/www.europesays.com\/pt\/wp-content\/uploads\/2025\/08\/1756213028_910_whatsapp-image-2024-07-11-at-17-35-22.jpeg\" title=\"Previs\u00e3o do tempo para os pr\u00f3ximos 5 dias em Santa Catarina\" alt=\"Previs\u00e3o do tempo para os pr\u00f3ximos 5 dias em Santa Catarina\"\/>&#13;<br \/>\n                                <\/a><\/p>\n<p class=\"has-text-align-center\" style=\"text-align: center;\" data-raofz=\"16\"><strong>Elaborado em:<\/strong>\u00a026\/08\/2025 \u00e0s 05:00 \u2013 N\u00b0 238\/2025<\/p>\n<p style=\"text-align: center;\" data-raofz=\"16\">\u00a0<\/p>\n<p class=\"has-text-align-center\" style=\"text-align: center;\" data-raofz=\"16\"><strong>Meteorologista:\u00a0<\/strong>J\u00e9ssica Silva<\/p>\n<p style=\"text-align: center;\" data-raofz=\"16\">\u00a0<\/p>\n<p class=\"has-text-align-center\" style=\"text-align: center;\" data-raofz=\"16\"><strong>TER\u00c7A-FEIRA (26)<\/strong><\/p>\n<p data-raofz=\"16\">\u00a0<\/p>\n<p data-raofz=\"16\">Nesta<strong>\u00a0ter\u00e7a-feira (26)<\/strong>, o tempo segue inst\u00e1vel em Santa Catarina, com predom\u00ednio de nuvens e condi\u00e7\u00f5es para chuva a qualquer momento. Nas \u00e1reas da metade leste catarinense \u2013 especialmente no Planalto Norte, no Vale do Itaja\u00ed, no Litoral Norte e na Grande Florian\u00f3polis \u2013 a chuva ocorre de maneira persistente e intensa ao longo de todo o dia.<strong>\u00a0O risco \u00e9 moderado a alto para ocorr\u00eancias associadas a alagamentos, enxurradas e eventuais deslizamentos.\u00a0<\/strong>Nas primeiras horas da manh\u00e3, as temperaturas m\u00ednimas ficam abaixo de 10\u00b0C em grande parte do estado. No Litoral e em \u00e1reas pr\u00f3ximas, se aproximam dos 13\u00b0C. \u00c0 tarde as m\u00e1ximas continuam amenas e n\u00e3o ultrapassam os 15\u00b0C dos Planaltos ao Litoral e variam entre 15 e 18\u00b0C no Grande Oeste.<\/p>\n<p data-raofz=\"16\">\u00a0<\/p>\n<p><img decoding=\"async\" loading=\"lazy\" class=\"aligncenter\" src=\"https:\/\/www.europesays.com\/pt\/wp-content\/uploads\/2025\/08\/AGV_vUcaGPSNbB6-18soTinAbiA0qOoSEUK74cpQX1X8rNs3aPO94wb9WMbRv504F8VkDvgJJrMtgJTBC-dCR0iDdVkEgkKe8s0R.png\" alt=\"\" width=\"518\" height=\"354\"\/><\/p>\n<p data-raofz=\"16\">\u00a0<\/p>\n<p class=\"has-text-align-center\" style=\"text-align: center;\" data-raofz=\"16\"><strong>QUARTA-FEIRA (27)<\/strong><\/p>\n<p data-raofz=\"16\">\u00a0<\/p>\n<p data-raofz=\"16\">A madrugada de<strong>\u00a0quarta-feira (27)<\/strong>\u00a0se inicia com chuva persistente e por vezes intensa entre o Litoral Norte e a Grande Florian\u00f3polis, com\u00a0<strong>risco alto para ocorr\u00eancias associadas a alagamentos, enxurradas e eventuais deslizamentos.\u00a0<\/strong>No decorrer da manh\u00e3, a chuva vai perdendo for\u00e7a e passa a ocorrer de maneira fraca e isolada. Durante o amanhecer, as temperaturas m\u00ednimas variam entre 7 e 10\u00b0C em grande parte do estado. No Litoral, ficam pr\u00f3ximas dos 14\u00b0C. O sol volta a aparecer entre nuvens no Grande Oeste de SC e as temperaturas m\u00e1ximas se aproximam dos 25\u00b0C durante a tarde, enquanto nas demais regi\u00f5es n\u00e3o ultrapassam os 20\u00b0C.<\/p>\n<p data-raofz=\"16\">\u00a0<\/p>\n<p><img decoding=\"async\" loading=\"lazy\" class=\"aligncenter\" src=\"https:\/\/www.europesays.com\/pt\/wp-content\/uploads\/2025\/08\/AGV_vUc3Qc1Y1pwPgQlLKyxzxSAlEtTNZmfKrhJrpBBZPJtjK7llw4Z8ZZslENQ3nc80ACvCx_KcsSxvuykIQ5TRUSfGlLQ790DD.png\" alt=\"\" width=\"519\" height=\"354\"\/><\/p>\n<p data-raofz=\"16\">\u00a0<\/p>\n<p class=\"has-text-align-center\" style=\"text-align: center;\" data-raofz=\"16\"><strong>QUINTA-FEIRA (28)<\/strong><\/p>\n<p data-raofz=\"16\">\u00a0<\/p>\n<p data-raofz=\"16\"><strong>Na quinta-feira (28)<\/strong>, a circula\u00e7\u00e3o mar\u00edtima mant\u00e9m o tempo inst\u00e1vel no leste catarinense. O dia ser\u00e1 marcado por c\u00e9u encoberto e chuva fraca a qualquer hora.\u00a0<strong>O risco \u00e9 baixo para ocorr\u00eancias associadas a alagamentos<\/strong>. As temperaturas voltam a subir gradativamente. No amanhecer, as m\u00ednimas variam entre 11 e 13\u00b0C em Grande parte do estado. No Litoral, ficam pr\u00f3ximas dos 15\u00b0C e na serra catarinense abaixo de 10\u00b0C. \u00c0 tarde, esquenta um pouco mais em rela\u00e7\u00e3o aos dias anteriores, com m\u00e1ximas em torno de 26\u00b0C no Grande Oeste e em torno de 20\u00b0C nas demais regi\u00f5es.<\/p>\n<p data-raofz=\"16\">\u00a0<\/p>\n<p><img decoding=\"async\" loading=\"lazy\" class=\"aligncenter\" src=\"https:\/\/www.europesays.com\/pt\/wp-content\/uploads\/2025\/08\/AGV_vUdKloBz-mxBSntDVprMWzCeE4AEDdo_r-iki5_x9VZIPBnQ76T6KvdHD5u73S9JgWcZ97RxWnqCkpPIgkXkfFwMZpB5UbMD.png\" alt=\"\" width=\"517\" height=\"348\"\/><\/p>\n<p data-raofz=\"16\">\u00a0<\/p>\n<p class=\"has-text-align-center\" style=\"text-align: center;\" data-raofz=\"16\"><strong>TEND\u00caNCIA PARA OS PR\u00d3XIMOS DIAS<\/strong><\/p>\n<p data-raofz=\"16\">\u00a0<\/p>\n<p data-raofz=\"16\"><strong>Na<\/strong>\u00a0<strong>sexta-feira (29) e no s\u00e1bado (30)<\/strong>, a circula\u00e7\u00e3o mar\u00edtima continua deixando o tempo inst\u00e1vel no leste catarinense, com c\u00e9u com muitas nuvens e chuva fraca a qualquer momento do dia. No Grande Oeste o sol e o tempo firme predominam. As temperaturas continuam subindo gradativamente, proporcionando tardes com sensa\u00e7\u00e3o t\u00e9rmica mais agrad\u00e1vel.<\/p>\n<p data-raofz=\"16\">\u00a0<\/p>\n<p><img decoding=\"async\" loading=\"lazy\" class=\"wp-image-7834 aligncenter\" src=\"https:\/\/www.europesays.com\/pt\/wp-content\/uploads\/2025\/08\/image-26.png\"   alt=\"\" width=\"557\" height=\"130\"\/><\/p>\n<p>\u00a0<\/p>\n<p>                Fonte: Secretaria de Estado de Prote\u00e7\u00e3o e Defesa Civil                <\/p>\n","protected":false},"excerpt":{"rendered":"&#13; &#13; Elaborado em:\u00a026\/08\/2025 \u00e0s 05:00 \u2013 N\u00b0 238\/2025 \u00a0 Meteorologista:\u00a0J\u00e9ssica Silva \u00a0 TER\u00c7A-FEIRA (26) \u00a0 Nesta\u00a0ter\u00e7a-feira (26),&hellip;\n","protected":false},"author":2,"featured_media":44191,"comment_status":"","ping_status":"","sticky":false,"template":"","format":"standard","meta":{"footnotes":""},"categories":[141],"tags":[114,115,149,150,32,33],"class_list":{"0":"post-45793","1":"post","2":"type-post","3":"status-publish","4":"format-standard","5":"has-post-thumbnail","7":"category-musica","8":"tag-entertainment","9":"tag-entretenimento","10":"tag-music","11":"tag-musica","12":"tag-portugal","13":"tag-pt"},"share_on_mastodon":{"url":"","error":""},"_links":{"self":[{"href":"https:\/\/www.europesays.com\/pt\/wp-json\/wp\/v2\/posts\/45793","targetHints":{"allow":["GET"]}}],"collection":[{"href":"https:\/\/www.europesays.com\/pt\/wp-json\/wp\/v2\/posts"}],"about":[{"href":"https:\/\/www.europesays.com\/pt\/wp-json\/wp\/v2\/types\/post"}],"author":[{"embeddable":true,"href":"https:\/\/www.europesays.com\/pt\/wp-json\/wp\/v2\/users\/2"}],"replies":[{"embeddable":true,"href":"https:\/\/www.europesays.com\/pt\/wp-json\/wp\/v2\/comments?post=45793"}],"version-history":[{"count":0,"href":"https:\/\/www.europesays.com\/pt\/wp-json\/wp\/v2\/posts\/45793\/revisions"}],"wp:featuredmedia":[{"embeddable":true,"href":"https:\/\/www.europesays.com\/pt\/wp-json\/wp\/v2\/media\/44191"}],"wp:attachment":[{"href":"https:\/\/www.europesays.com\/pt\/wp-json\/wp\/v2\/media?parent=45793"}],"wp:term":[{"taxonomy":"category","embeddable":true,"href":"https:\/\/www.europesays.com\/pt\/wp-json\/wp\/v2\/categories?post=45793"},{"taxonomy":"post_tag","embeddable":true,"href":"https:\/\/www.europesays.com\/pt\/wp-json\/wp\/v2\/tags?post=45793"}],"curies":[{"name":"wp","href":"https:\/\/api.w.org\/{rel}","templated":true}]}}