{"id":458663,"date":"2026-07-22T13:45:20","date_gmt":"2026-07-22T13:45:20","guid":{"rendered":"https:\/\/www.europesays.com\/pt\/458663\/"},"modified":"2026-07-22T13:45:20","modified_gmt":"2026-07-22T13:45:20","slug":"37-a-festa-do-frango-da-guia-regressa-de-29-de-julho-a-2-de-agosto","status":"publish","type":"post","link":"https:\/\/www.europesays.com\/pt\/458663\/","title":{"rendered":"37.\u00aa Festa do Frango da Guia regressa de 29 de julho a 2 de agosto"},"content":{"rendered":"<p class=\"wp-block-paragraph\">A localidade de <a href=\"https:\/\/regiao-sul.pt\/tag\/guia\" target=\"_blank\" rel=\"noreferrer noopener nofollow\">Guia<\/a>, concelho de <a href=\"https:\/\/regiao-sul.pt\/tag\/albufeira\" target=\"_blank\" rel=\"noreferrer noopener nofollow\">Albufeira<\/a>, volta a acolher a Festa do Frango da Guia, que cumpre este ano a sua 37.\u00aa edi\u00e7\u00e3o, cujo evento, promove uma das receitas mais conhecidas da gastronomia algarvia, decorre no Polidesportivo da Guia entre os dias 29 de julho e 2 de agosto.<\/p>\n<p class=\"wp-block-paragraph\">Com abertura marcada para as 19 horas, o recinto volta a receber no exterior a 18.\u00aa Mostra de Artesanato, reunindo dezenas de bancas dedicadas \u00e0s tradi\u00e7\u00f5es e aos produtos da regi\u00e3o. A anima\u00e7\u00e3o musical volta a ser um dos pontos centrais da programa\u00e7\u00e3o ao longo das cinco noites.<\/p>\n<p class=\"wp-block-paragraph\">A festa arranca na quarta-feira, 29 de julho, com as atua\u00e7\u00f5es de Rosinha e da dupla Emanuel e T\u00e2nia. Na quinta-feira, 30 de julho, sobem ao palco Elena Correia e Marco Filipe. A noite de sexta-feira, 31 de julho, conta com Roni de Melo e R\u00faben Filipe. No s\u00e1bado, 1 de agosto, o programa junta Belito Campos e Valter Cabrita. O encerramento, no domingo, 2 de agosto, fica a cargo de Joana D\u2019Arc e, novamente, de Emanuel e T\u00e2nia.<\/p>\n<p class=\"wp-block-paragraph\">A Festa do Frango da Guia \u00e9 uma organiza\u00e7\u00e3o do Guia Futebol Clube e conta com o apoio da <a href=\"https:\/\/www.facebook.com\/FreguesiadaGuiaAlbufeira\/?locale=pt_PT\" target=\"_blank\" rel=\"noreferrer noopener nofollow\">Junta de Freguesia da Guia<\/a>, do Munic\u00edpio de Albufeira e do com\u00e9rcio local.<\/p>\n","protected":false},"excerpt":{"rendered":"A localidade de Guia, concelho de Albufeira, volta a acolher a Festa do Frango da Guia, que cumpre&hellip;\n","protected":false},"author":2,"featured_media":458664,"comment_status":"","ping_status":"","sticky":false,"template":"","format":"standard","meta":{"footnotes":"","_share_on_mastodon":"0"},"categories":[10],"tags":[6579,2569,27,28,15,16,73481,8223,14,25,26,21,22,12,13,19,20,32,23,24,33,17,18,29,30,31],"class_list":["post-458663","post","type-post","status-publish","format-standard","has-post-thumbnail","category-portugal","tag-albufeira","tag-algarve","tag-breaking-news","tag-breakingnews","tag-featured-news","tag-featurednews","tag-festa-do-frango-da-guia","tag-guia","tag-headlines","tag-latest-news","tag-latestnews","tag-main-news","tag-mainnews","tag-news","tag-noticias","tag-noticias-principais","tag-noticiasprincipais","tag-portugal","tag-principais-noticias","tag-principaisnoticias","tag-pt","tag-top-stories","tag-topstories","tag-ultimas","tag-ultimas-noticias","tag-ultimasnoticias"],"share_on_mastodon":{"url":"https:\/\/pubeurope.com\/@pt\/116963936017716829","error":""},"_links":{"self":[{"href":"https:\/\/www.europesays.com\/pt\/wp-json\/wp\/v2\/posts\/458663","targetHints":{"allow":["GET"]}}],"collection":[{"href":"https:\/\/www.europesays.com\/pt\/wp-json\/wp\/v2\/posts"}],"about":[{"href":"https:\/\/www.europesays.com\/pt\/wp-json\/wp\/v2\/types\/post"}],"author":[{"embeddable":true,"href":"https:\/\/www.europesays.com\/pt\/wp-json\/wp\/v2\/users\/2"}],"replies":[{"embeddable":true,"href":"https:\/\/www.europesays.com\/pt\/wp-json\/wp\/v2\/comments?post=458663"}],"version-history":[{"count":0,"href":"https:\/\/www.europesays.com\/pt\/wp-json\/wp\/v2\/posts\/458663\/revisions"}],"wp:featuredmedia":[{"embeddable":true,"href":"https:\/\/www.europesays.com\/pt\/wp-json\/wp\/v2\/media\/458664"}],"wp:attachment":[{"href":"https:\/\/www.europesays.com\/pt\/wp-json\/wp\/v2\/media?parent=458663"}],"wp:term":[{"taxonomy":"category","embeddable":true,"href":"https:\/\/www.europesays.com\/pt\/wp-json\/wp\/v2\/categories?post=458663"},{"taxonomy":"post_tag","embeddable":true,"href":"https:\/\/www.europesays.com\/pt\/wp-json\/wp\/v2\/tags?post=458663"}],"curies":[{"name":"wp","href":"https:\/\/api.w.org\/{rel}","templated":true}]}}