{"id":458791,"date":"2026-07-22T15:33:14","date_gmt":"2026-07-22T15:33:14","guid":{"rendered":"https:\/\/www.europesays.com\/pt\/458791\/"},"modified":"2026-07-22T15:33:14","modified_gmt":"2026-07-22T15:33:14","slug":"milton-nascimento-recupera-direitos-da-musica-travessia-22-07-2026-musica","status":"publish","type":"post","link":"https:\/\/www.europesays.com\/pt\/458791\/","title":{"rendered":"Milton Nascimento recupera direitos da m\u00fasica &#8216;Travessia&#8217; &#8211; 22\/07\/2026 &#8211; M\u00fasica"},"content":{"rendered":"<p>\n<strong class=\"c-signature__location\">S\u00e3o Paulo<\/strong>\n<\/p>\n<p>A Justi\u00e7a de S\u00e3o Paulo deu uma vit\u00f3ria a <a href=\"https:\/\/www1.folha.uol.com.br\/folha-topicos\/milton-nascimento\/\" rel=\"nofollow noopener\" target=\"_blank\">Milton Nascimento<\/a>, 83, em uma disputa envolvendo um dos maiores cl\u00e1ssicos da <a href=\"https:\/\/www1.folha.uol.com.br\/folha-topicos\/musica\/\" rel=\"nofollow noopener\" target=\"_blank\">m\u00fasica<\/a> brasileira. Em decis\u00e3o de primeira inst\u00e2ncia, o cantor e compositor recuperou os direitos patrimoniais sobre a can\u00e7\u00e3o &#8220;Travessia&#8221;, sucesso lan\u00e7ado em 1967 e composto em parceria com Isabel Ferreira Brant.<\/p>\n","protected":false},"excerpt":{"rendered":"S\u00e3o Paulo A Justi\u00e7a de S\u00e3o Paulo deu uma vit\u00f3ria a Milton Nascimento, 83, em uma disputa envolvendo&hellip;\n","protected":false},"author":2,"featured_media":458792,"comment_status":"","ping_status":"","sticky":false,"template":"","format":"standard","meta":{"footnotes":"","_share_on_mastodon":"0"},"categories":[145],"tags":[219,211,210,223,114,115,224,225,226,221,220,222,213,6033,6050,1492,32,33,4066,218,228,227],"class_list":["post-458791","post","type-post","status-publish","format-standard","has-post-thumbnail","category-celebridades","tag-bichos","tag-celebridades","tag-celebrities","tag-colunistas","tag-entertainment","tag-entretenimento","tag-estranho","tag-eu-amo","tag-fofices","tag-horoscopo","tag-humanos","tag-humor","tag-msica","tag-milton-nascimento","tag-mpb","tag-parkinson","tag-portugal","tag-pt","tag-sade","tag-televisao","tag-tudo","tag-videos"],"share_on_mastodon":{"url":"https:\/\/pubeurope.com\/@pt\/116964360628467312","error":""},"_links":{"self":[{"href":"https:\/\/www.europesays.com\/pt\/wp-json\/wp\/v2\/posts\/458791","targetHints":{"allow":["GET"]}}],"collection":[{"href":"https:\/\/www.europesays.com\/pt\/wp-json\/wp\/v2\/posts"}],"about":[{"href":"https:\/\/www.europesays.com\/pt\/wp-json\/wp\/v2\/types\/post"}],"author":[{"embeddable":true,"href":"https:\/\/www.europesays.com\/pt\/wp-json\/wp\/v2\/users\/2"}],"replies":[{"embeddable":true,"href":"https:\/\/www.europesays.com\/pt\/wp-json\/wp\/v2\/comments?post=458791"}],"version-history":[{"count":0,"href":"https:\/\/www.europesays.com\/pt\/wp-json\/wp\/v2\/posts\/458791\/revisions"}],"wp:featuredmedia":[{"embeddable":true,"href":"https:\/\/www.europesays.com\/pt\/wp-json\/wp\/v2\/media\/458792"}],"wp:attachment":[{"href":"https:\/\/www.europesays.com\/pt\/wp-json\/wp\/v2\/media?parent=458791"}],"wp:term":[{"taxonomy":"category","embeddable":true,"href":"https:\/\/www.europesays.com\/pt\/wp-json\/wp\/v2\/categories?post=458791"},{"taxonomy":"post_tag","embeddable":true,"href":"https:\/\/www.europesays.com\/pt\/wp-json\/wp\/v2\/tags?post=458791"}],"curies":[{"name":"wp","href":"https:\/\/api.w.org\/{rel}","templated":true}]}}