{"id":458901,"date":"2026-07-22T17:39:32","date_gmt":"2026-07-22T17:39:32","guid":{"rendered":"https:\/\/www.europesays.com\/pt\/458901\/"},"modified":"2026-07-22T17:39:32","modified_gmt":"2026-07-22T17:39:32","slug":"irmaos-de-chadwick-boseman-querem-retirada-de-viuva-do-ator-de-controle-da-heranca-e-fazem-acusacoes-graves-a-justica-diz-site","status":"publish","type":"post","link":"https:\/\/www.europesays.com\/pt\/458901\/","title":{"rendered":"Irm\u00e3os de Chadwick Boseman querem retirada de vi\u00fava do ator de controle da heran\u00e7a e fazem acusa\u00e7\u00f5es graves \u00e0 Justi\u00e7a, diz site"},"content":{"rendered":"<p>                                Ler resumo <\/p>\n<p>Os irm\u00e3os de Chadwick Boseman entraram com um pedido ao tribunal de Los Angeles envolvendo o esp\u00f3lio do ator e a vi\u00fava dele, Taylor Simone. Kevin e Derrick ainda teriam listado os motivos para a Justi\u00e7a acatar o pedido deles e como a fam\u00edlia ficou diante de supostas atitudes de Taylor nos \u00faltimos anos.<\/p>\n<p>Os irm\u00e3os de <a href=\"https:\/\/hugogloss.uol.com.br\/tag\/chadwick-boseman\" target=\"_blank\" rel=\"noopener nofollow\">Chadwick Boseman<\/a> (1976-2020) querem que a vi\u00fava dele, Taylor Simone Ledward Boseman, seja destitu\u00edda do cargo de administradora de seus bens quase 6 anos ap\u00f3s a morte do ator. Nesta quarta-feira (22), o TMZ informou que Kevin e Derrick Boseman entraram com uma peti\u00e7\u00e3o na Justi\u00e7a para que isso aconte\u00e7a \u201co mais r\u00e1pido poss\u00edvel\u201d.<\/p>\n<p>Conforme a publica\u00e7\u00e3o, os irm\u00e3os foram a um tribunal de Los Angeles na sexta-feira (17), e apresentaram documentos legais com uma lista de motivos pelos quais acreditam que Taylor administrou mal o patrim\u00f4nio de Chadwick. Desta forma, eles acreditam que a vi\u00fava deva ser impedida de control\u00e1-lo.<\/p>\n<p>Nos documentos, Kevin e Derrick alegaram que Taylor deixou toda a fam\u00edlia no escuro sobre a situa\u00e7\u00e3o do esp\u00f3lio de Chadwick, apesar de uma decis\u00e3o judicial de 2022 determinar que os pais dele, Leroy e Carolyn Boseman, tinham direito legal a uma participa\u00e7\u00e3o combinada de 50%. A ordem concedeu a Taylor o controle da outra metade depois que o astro de \u201c<a href=\"https:\/\/hugogloss.uol.com.br\/tag\/pantera-negra\" target=\"_blank\" rel=\"noopener nofollow\">Pantera Negra<\/a>\u201d morreu sem deixar um testamento.<\/p>\n<p>No entanto, quase quatro anos depois, os irm\u00e3os do artista afirmaram que a vi\u00fava n\u00e3o concluiu a distribui\u00e7\u00e3o dos bens e continua gerenciando tudo sozinha. O patrim\u00f4nio de Boseman inclui valores provenientes de direitos autorais e royalties de filmes, al\u00e9m dos direitos de imagem e propriedade intelectual, investimentos, ap\u00f3lices de seguro, contas banc\u00e1rias e pertences pessoais.<\/p>\n<p> <img loading=\"lazy\" decoding=\"async\" class=\"size-medium wp-image-895671 img-fluid lazy\" alt=\"Pantera Negra\" width=\"617\" height=\"347\" src=\"https:\/\/www.europesays.com\/pt\/wp-content\/uploads\/2026\/07\/pantera-negra-617x347.jpg\"  \/>Chadwick Boseman em \u201cPantera Negra\u201d (Foto: Divulga\u00e7\u00e3o\/ Marvel Studio) Continua depois da Publicidade <\/p>\n<p>Segundo Kevin e Derrick, a fam\u00edlia do artista n\u00e3o faz ideia do que est\u00e1 acontecendo com nenhum dos seus ativos, incluindo mais de US$ 3 milh\u00f5es (R$ 15,1 milh\u00f5es) depositados em diversas contas banc\u00e1rias.<\/p>\n<p>Devido \u00e0 suposta m\u00e1 administra\u00e7\u00e3o de Taylor, os pais de Boseman teriam ficado sem recursos financeiros e sem o seguro ao qual teriam direito. Entre outras fun\u00e7\u00f5es, ela precisaria distribuir corretamente o dinheiro das diversas contas banc\u00e1rias do ator, prestar contas dos pagamentos residuais do SAG-AFTRA que Chadwick recebeu ap\u00f3s sua morte e direcionar os bens n\u00e3o reivindicados que pertenciam ao falecido marido.<\/p>\n<p> Continua depois da Publicidade <\/p>\n<p>De acordo com a vers\u00e3o dos irm\u00e3os, a atitude de Taylor causou sofrimento emocional \u00e0 fam\u00edlia e permitiu que Taylor continuasse lucrando sozinha com o nome e a imagem do ator. Kevin e Derrick tamb\u00e9m disseram que ela est\u00e1 ciente de todos esses problemas. pois j\u00e1 lhe fizeram diversos apelos para que a situa\u00e7\u00e3o fosse resolvida.<\/p>\n<p>Agora, a dupla pede ao tribunal que considere Taylor em desacato por n\u00e3o cumprir a ordem judicial de 2022 e a obrigue a distribuir os bens restantes da heran\u00e7a, bem como a fornecer uma presta\u00e7\u00e3o de contas completa dentro de 30 dias. Eles tamb\u00e9m querem remov\u00ea-la permanentemente do cargo de administradora e nomear o advogado Jason Rubin para assumir o caso.<\/p>\n<p> <img loading=\"lazy\" decoding=\"async\" class=\"size-medium wp-image-638152 img-fluid lazy\" alt=\"\" width=\"617\" height=\"370\" src=\"https:\/\/www.europesays.com\/pt\/wp-content\/uploads\/2026\/07\/chadwick-boseman-wp-617x370.jpg\"  \/>Ator faleceu agosto de 2020 devido a complica\u00e7\u00f5es de um c\u00e2ncer de c\u00f3lon (Foto: Getty) Continua depois da Publicidade <\/p>\n<p>Por fim, os irm\u00e3os de Chadwick pedem que a Justi\u00e7a impe\u00e7a Taylor de assinar contratos importantes relacionados ao esp\u00f3lio do ator sem a aprova\u00e7\u00e3o da fam\u00edlia, que a obrigue a entregar c\u00f3pias de todos os contratos relacionados ao patrim\u00f4nio dele e que a obrigue a pagar os honor\u00e1rios advocat\u00edcios e as custas judiciais dos parentes.<\/p>\n<p>                                                                    <a id=\"google-news\" class=\"google-news\" href=\"https:\/\/news.google.com\/publications\/CAAqMQgKIitDQklTR2dnTWFoWUtGR2gxWjI5bmJHOXpjeTUxYjJ3dVkyOXRMbUp5S0FBUAE?ceid=BR:pt-419&amp;oc=3\" target=\"_blank\" rel=\"nofollow noopener\"><\/p>\n<p>                                            Siga a <strong> Hugo Gloss no Google News<\/strong> e acompanhe nossos destaques<\/p>\n<p>                                    <\/a><\/p>\n","protected":false},"excerpt":{"rendered":"Ler resumo Os irm\u00e3os de Chadwick Boseman entraram com um pedido ao tribunal de Los Angeles envolvendo o&hellip;\n","protected":false},"author":2,"featured_media":458902,"comment_status":"","ping_status":"","sticky":false,"template":"","format":"standard","meta":{"footnotes":"","_share_on_mastodon":"0"},"categories":[145],"tags":[211,210,11185,114,115,12575,10985,8745,32,33,73536,11383],"class_list":["post-458901","post","type-post","status-publish","format-standard","has-post-thumbnail","category-celebridades","tag-celebridades","tag-celebrities","tag-chadwick-boseman","tag-entertainment","tag-entretenimento","tag-heranca","tag-irmaos","tag-pantera-negra","tag-portugal","tag-pt","tag-taylor-simone-ledward-boseman","tag-viuva"],"share_on_mastodon":{"url":"https:\/\/pubeurope.com\/@pt\/116964856839386358","error":""},"_links":{"self":[{"href":"https:\/\/www.europesays.com\/pt\/wp-json\/wp\/v2\/posts\/458901","targetHints":{"allow":["GET"]}}],"collection":[{"href":"https:\/\/www.europesays.com\/pt\/wp-json\/wp\/v2\/posts"}],"about":[{"href":"https:\/\/www.europesays.com\/pt\/wp-json\/wp\/v2\/types\/post"}],"author":[{"embeddable":true,"href":"https:\/\/www.europesays.com\/pt\/wp-json\/wp\/v2\/users\/2"}],"replies":[{"embeddable":true,"href":"https:\/\/www.europesays.com\/pt\/wp-json\/wp\/v2\/comments?post=458901"}],"version-history":[{"count":0,"href":"https:\/\/www.europesays.com\/pt\/wp-json\/wp\/v2\/posts\/458901\/revisions"}],"wp:featuredmedia":[{"embeddable":true,"href":"https:\/\/www.europesays.com\/pt\/wp-json\/wp\/v2\/media\/458902"}],"wp:attachment":[{"href":"https:\/\/www.europesays.com\/pt\/wp-json\/wp\/v2\/media?parent=458901"}],"wp:term":[{"taxonomy":"category","embeddable":true,"href":"https:\/\/www.europesays.com\/pt\/wp-json\/wp\/v2\/categories?post=458901"},{"taxonomy":"post_tag","embeddable":true,"href":"https:\/\/www.europesays.com\/pt\/wp-json\/wp\/v2\/tags?post=458901"}],"curies":[{"name":"wp","href":"https:\/\/api.w.org\/{rel}","templated":true}]}}