{"id":459426,"date":"2026-07-23T04:40:45","date_gmt":"2026-07-23T04:40:45","guid":{"rendered":"https:\/\/www.europesays.com\/pt\/459426\/"},"modified":"2026-07-23T04:40:45","modified_gmt":"2026-07-23T04:40:45","slug":"arokodare-desafia-cesar-peixoto-em-pleno-treino-sessao-e-cancelada-e-o-wolverhampton-impede-o-de-entrar","status":"publish","type":"post","link":"https:\/\/www.europesays.com\/pt\/459426\/","title":{"rendered":"Arokodare desafia C\u00e9sar Peixoto em pleno treino. Sess\u00e3o \u00e9 cancelada e o Wolverhampton impede-o de entrar"},"content":{"rendered":"<p>C\u00e9sar Peixoto viveu o primeiro grande caso disciplinar desde que assumiu o comando t\u00e9cnico do Wolverhampton. O treinador portugu\u00eas cancelou o treino de segunda-feira depois de Tolu Arokodare se ter recusado a abandonar o relvado quando lhe foi pedido, um epis\u00f3dio que culminou com o afastamento imediato do avan\u00e7ado do plantel.<\/p>\n<p>Treino terminou em pol\u00e9mica<\/p>\n<p>Segundo a imprensa desportiva inglesa, a sess\u00e3o de trabalho foi interrompida antes do previsto depois de Arokodare, de 25 anos, n\u00e3o ter acatado a ordem de C\u00e9sar Peixoto para sair do relvado.<\/p>\n<p>A atitude do avan\u00e7ado ter\u00e1 desagradado ao treinador portugu\u00eas, que decidiu afast\u00e1-lo do grupo e coloc\u00e1-lo no mercado de transfer\u00eancias.<\/p>\n<p>Wolverhampton refor\u00e7ou seguran\u00e7a <\/p>\n<p>J\u00e1 esta ter\u00e7a-feira, o Wolverhampton refor\u00e7ou a seguran\u00e7a em Compton Park para impedir a entrada de Arokodare no centro de treinos.<\/p>\n<p>Entretanto, a equipa prepara o jogo particular frente ao Maidenhead United, marcado para esta quarta-feira. O avan\u00e7ado n\u00e3o integrou a comitiva que viajou com o restante plantel, que inclui os portugueses Mateus Man\u00e9, Rodrigo Gomes e Toti Gomes. <\/p>\n<p>J\u00e1 Jos\u00e9 S\u00e1, tamb\u00e9m jogador no clube, continua ausente, uma vez que ainda se encontra a gozar o per\u00edodo de f\u00e9rias ap\u00f3s a presen\u00e7a nos convocados da Sele\u00e7\u00e3o Nacional no Mundial de 2026.<\/p>\n","protected":false},"excerpt":{"rendered":"C\u00e9sar Peixoto viveu o primeiro grande caso disciplinar desde que assumiu o comando t\u00e9cnico do Wolverhampton. O treinador&hellip;\n","protected":false},"author":2,"featured_media":459427,"comment_status":"","ping_status":"","sticky":false,"template":"","format":"standard","meta":{"footnotes":"","_share_on_mastodon":"0"},"categories":[87],"tags":[836,73619,10855,315,135,476,1859,301,82,45642,186,831,41,3001,62,4104,13,45643,2771,52,32,33,1717,58,2836,134,2710,3592,3192,4157],"class_list":["post-459426","post","type-post","status-publish","format-standard","has-post-thumbnail","category-desporto","tag-analise","tag-arokodare","tag-cesar-peixoto","tag-cultura","tag-desporto","tag-economia","tag-entrevistas","tag-governo","tag-internacional","tag-jornal-sol","tag-lifestyle","tag-mais-vistas","tag-mercado-de-transferencias","tag-multimedia","tag-mundo","tag-nascer-do-sol","tag-noticias","tag-opiniao-ultimas","tag-polemica","tag-politica","tag-portugal","tag-pt","tag-seguranca","tag-sociedade","tag-sol","tag-sports","tag-treinador","tag-treino","tag-vida","tag-wolverhampton"],"share_on_mastodon":{"url":"https:\/\/pubeurope.com\/@pt\/116967455069764353","error":""},"_links":{"self":[{"href":"https:\/\/www.europesays.com\/pt\/wp-json\/wp\/v2\/posts\/459426","targetHints":{"allow":["GET"]}}],"collection":[{"href":"https:\/\/www.europesays.com\/pt\/wp-json\/wp\/v2\/posts"}],"about":[{"href":"https:\/\/www.europesays.com\/pt\/wp-json\/wp\/v2\/types\/post"}],"author":[{"embeddable":true,"href":"https:\/\/www.europesays.com\/pt\/wp-json\/wp\/v2\/users\/2"}],"replies":[{"embeddable":true,"href":"https:\/\/www.europesays.com\/pt\/wp-json\/wp\/v2\/comments?post=459426"}],"version-history":[{"count":0,"href":"https:\/\/www.europesays.com\/pt\/wp-json\/wp\/v2\/posts\/459426\/revisions"}],"wp:featuredmedia":[{"embeddable":true,"href":"https:\/\/www.europesays.com\/pt\/wp-json\/wp\/v2\/media\/459427"}],"wp:attachment":[{"href":"https:\/\/www.europesays.com\/pt\/wp-json\/wp\/v2\/media?parent=459426"}],"wp:term":[{"taxonomy":"category","embeddable":true,"href":"https:\/\/www.europesays.com\/pt\/wp-json\/wp\/v2\/categories?post=459426"},{"taxonomy":"post_tag","embeddable":true,"href":"https:\/\/www.europesays.com\/pt\/wp-json\/wp\/v2\/tags?post=459426"}],"curies":[{"name":"wp","href":"https:\/\/api.w.org\/{rel}","templated":true}]}}