{"id":45961,"date":"2025-08-26T15:08:20","date_gmt":"2025-08-26T15:08:20","guid":{"rendered":"https:\/\/www.europesays.com\/pt\/45961\/"},"modified":"2025-08-26T15:08:20","modified_gmt":"2025-08-26T15:08:20","slug":"vem-ai-a-fazenda-miro-vira-costas-a-alba-choca-esmeralda-com-revelacao-inesperada-novelas","status":"publish","type":"post","link":"https:\/\/www.europesays.com\/pt\/45961\/","title":{"rendered":"Vem a\u00ed \u00abA Fazenda\u00bb: Miro vira costas a Alba choca Esmeralda com revela\u00e7\u00e3o inesperada &#8211; Novelas"},"content":{"rendered":"<p data-end=\"363\" data-start=\"83\"><a href=\"https:\/\/tvi.iol.pt\/novelas\/videos\/relacao-de-miro-e-leti-esta-por-um-fio\/675ae26f0cf28c51602e4612\" rel=\"nofollow noopener\" target=\"_blank\">Miro (Pedro Hossi)<\/a> desabafa com\u00a0<a href=\"https:\/\/tvi.iol.pt\/novelas\/ator\/esmeralda-das-dores\/673496aed34ea1acf27090da\" rel=\"nofollow noopener\" target=\"_blank\">Esmeralda (Julie Sergeant)<\/a>)\u00a0que se zangou com Alba\u00a0<a href=\"https:\/\/tvi.iol.pt\/novelas\/rita-loureiro\/helena-isabel\/vem-ai-em-a-fazenda-vingativa-a-verdadeira-becas-comeca-a-revelar-se\" target=\"_blank\" rel=\"nofollow noopener\">(S\u00e3o Jos\u00e9 Correia)<\/a> por n\u00e3o concordar com a decis\u00e3o dela de usar a prova que tem contra Miguel (Diogo Infante) para ilibar Duarte (Cl\u00e1udio de Castro). Esmeralda tranquiliza-o, dizendo que n\u00e3o se preocupe porque estar\u00e1 sempre ao lado dele e que, se for preciso, pode ir viver com ela.<\/p>\n<p data-end=\"931\" data-start=\"365\"><a href=\"http:\/\/Zulmira (Helena Isabel).\" target=\"_blank\" rel=\"nofollow\">Zulmira\u00a0(Helena Isabel)<\/a> partilha com <a href=\"https:\/\/tvi.iol.pt\/novelas\/videos\/a-fazenda-daniela-pede-fortuna-a-lukenia-para-nao-revelar-a-falsa-gravidez-de-zuri\/68a9922f0cf20ac1d5f35c3e\" target=\"_blank\" rel=\"nofollow noopener\">Daniela (Soraia Tavares)<\/a> a preocupa\u00e7\u00e3o que sente por Joel poder ter cometido um crime, temendo as consequ\u00eancias que isso ter\u00e1 para <a href=\"https:\/\/tvi.iol.pt\/novelas\/videos\/a-fazenda-daniela-chama-julia-de-infiel-e-ary-perde-a-cabeca\/68a992bf0cf20ac1d5f35c3f\" target=\"_blank\" rel=\"nofollow noopener\">Ary (Isaac Alfaiate)<\/a>, que idolatra o irm\u00e3o. Nesse momento, Ary entra, cabisbaixo, e confirma que \u00e9 verdade: Joel escondeu <a href=\"https:\/\/tvi.iol.pt\/novelas\/joao-jesus\/claudio-de-castro\/vem-ai-em-a-fazenda-ha-uma-pessoa-que-sabe-onde-duarte-esta-escondido\" target=\"_blank\" rel=\"nofollow noopener\"><strong data-end=\"1304\" data-start=\"1274\">Duarte (Cl\u00e1udio de Castro)<\/strong><\/a>. Daniela vai atr\u00e1s dele para falar. Ary culpa-se por n\u00e3o ter percebido antes o que todos j\u00e1 suspeitavam, admitindo que n\u00e3o quis acreditar que Joel pudesse ter feito uma coisa daquelas. Daniela consola-o, dizendo que isso s\u00f3 mostra a pessoa boa que ele \u00e9, e abra\u00e7a-o com ternura. J\u00falia observa a cena \u00e0 porta, furiosa.<\/p>\n<p data-end=\"931\" data-start=\"365\"><strong>Relembre-se que Miro prop\u00f4s a Esmeralda que tramassem a Svetlana juntos.<\/strong><\/p>\n<p data-end=\"931\" data-start=\"365\">\u00a0<\/p>\n","protected":false},"excerpt":{"rendered":"Miro (Pedro Hossi) desabafa com\u00a0Esmeralda (Julie Sergeant))\u00a0que se zangou com Alba\u00a0(S\u00e3o Jos\u00e9 Correia) por n\u00e3o concordar com a&hellip;\n","protected":false},"author":2,"featured_media":45962,"comment_status":"","ping_status":"","sticky":false,"template":"","format":"standard","meta":{"footnotes":""},"categories":[142],"tags":[160,166,114,115,157,167,1051,2412,164,161,158,3441,165,159,32,33,156,2583,163,151,162],"class_list":{"0":"post-45961","1":"post","2":"type-post","3":"status-publish","4":"format-standard","5":"has-post-thumbnail","7":"category-tv","8":"tag-ana-guiomar","9":"tag-cristina-ferreira","10":"tag-entertainment","11":"tag-entretenimento","12":"tag-festa-e-festa","13":"tag-ficcao","14":"tag-helena-isabel","15":"tag-isaac-alfaiate","16":"tag-jose-fidalgo","17":"tag-novelas","18":"tag-para-sempre","19":"tag-pedro-hossi","20":"tag-pedro-sousa","21":"tag-pedro-teixeira","22":"tag-portugal","23":"tag-pt","24":"tag-queridos-papas","25":"tag-soraia-tavares","26":"tag-tiago-teotonio-pereira","27":"tag-tv","28":"tag-tvi"},"share_on_mastodon":{"url":"","error":""},"_links":{"self":[{"href":"https:\/\/www.europesays.com\/pt\/wp-json\/wp\/v2\/posts\/45961","targetHints":{"allow":["GET"]}}],"collection":[{"href":"https:\/\/www.europesays.com\/pt\/wp-json\/wp\/v2\/posts"}],"about":[{"href":"https:\/\/www.europesays.com\/pt\/wp-json\/wp\/v2\/types\/post"}],"author":[{"embeddable":true,"href":"https:\/\/www.europesays.com\/pt\/wp-json\/wp\/v2\/users\/2"}],"replies":[{"embeddable":true,"href":"https:\/\/www.europesays.com\/pt\/wp-json\/wp\/v2\/comments?post=45961"}],"version-history":[{"count":0,"href":"https:\/\/www.europesays.com\/pt\/wp-json\/wp\/v2\/posts\/45961\/revisions"}],"wp:featuredmedia":[{"embeddable":true,"href":"https:\/\/www.europesays.com\/pt\/wp-json\/wp\/v2\/media\/45962"}],"wp:attachment":[{"href":"https:\/\/www.europesays.com\/pt\/wp-json\/wp\/v2\/media?parent=45961"}],"wp:term":[{"taxonomy":"category","embeddable":true,"href":"https:\/\/www.europesays.com\/pt\/wp-json\/wp\/v2\/categories?post=45961"},{"taxonomy":"post_tag","embeddable":true,"href":"https:\/\/www.europesays.com\/pt\/wp-json\/wp\/v2\/tags?post=45961"}],"curies":[{"name":"wp","href":"https:\/\/api.w.org\/{rel}","templated":true}]}}