{"id":459668,"date":"2026-07-23T11:41:27","date_gmt":"2026-07-23T11:41:27","guid":{"rendered":"https:\/\/www.europesays.com\/pt\/459668\/"},"modified":"2026-07-23T11:41:27","modified_gmt":"2026-07-23T11:41:27","slug":"finalmente-digi-ja-oferece-velocidade-de-1-gbps-no-5g","status":"publish","type":"post","link":"https:\/\/www.europesays.com\/pt\/459668\/","title":{"rendered":"Finalmente&#8230; DIGI j\u00e1 oferece velocidade de 1 Gbps no 5G"},"content":{"rendered":"<p>Embora a DIGI n\u00e3o anuncie oficialmente velocidades Gigabit na sua rede m\u00f3vel, j\u00e1 come\u00e7am a surgir testes que demonstram esse potencial.<\/p>\n<p><a target=\"_blank\" href=\"https:\/\/pplware.sapo.pt\/wp-content\/uploads\/2026\/04\/digi_simcard_1.jpg\" onclick=\"refreshIframe()\" class=\"foobox\" rel=\"nofollow noopener\"><img fetchpriority=\"high\" decoding=\"async\" src=\"https:\/\/www.europesays.com\/pt\/wp-content\/uploads\/2026\/04\/digi_simcard_1-720x405.jpg\" alt=\"\" width=\"720\" height=\"405\" class=\"aligncenter size-medium wp-image-1113799\"  \/><\/a><\/p>\n<p>Esta\u00e7\u00e3o da Digi equipada com 5G NR n78 (80 MHz)<\/p>\n<p>Num teste realizado na esta\u00e7\u00e3o LICX01831, na Murtal (Cascais), equipada com 5G NR n78 (80 MHz), foi registada uma velocidade de 1079 Mbps de download e 95 Mbps de upload.<\/p>\n<p>Segundo a informa\u00e7\u00e3o divulgada por <a target=\"_blank\" href=\"https:\/\/www.linkedin.com\/in\/ricardojsaraiva\/\" rel=\"nofollow noopener\">Ricardo Saraiva<\/a>, o tr\u00e1fego de download foi realizado exclusivamente sobre a portadora 5G NR, sem agrega\u00e7\u00e3o com LTE no download, demonstrando que a rede da operadora j\u00e1 consegue ultrapassar a barreira de 1 Gbps em determinadas condi\u00e7\u00f5es.<\/p>\n<p><strong>Configura\u00e7\u00e3o da esta\u00e7\u00e3o:<\/strong><\/p>\n<ul>\n<li>2G: 1800 MHz<\/li>\n<li>4G: 900 MHz (5 MHz) + 1800 MHz (10 MHz) + 2600 MHz (10 MHz)<\/li>\n<li>5G: n78 (80 MHz)<\/li>\n<\/ul>\n<p>Resultados obtidos:<\/p>\n<ul>\n<li>Download: 1079 Mbps<\/li>\n<li>Upload: 95 Mbps<\/li>\n<\/ul>\n<p>Estes resultados surgem numa altura em que a ANACOM aprovou altera\u00e7\u00f5es aos direitos de utiliza\u00e7\u00e3o de frequ\u00eancias da DIGI, permitindo \u00e0 operadora refor\u00e7ar o espectro dispon\u00edvel, nomeadamente na faixa dos 3,6 GHz, essencial para a oferta de servi\u00e7os 5G de elevada capacidade.<\/p>\n<p>Esta evolu\u00e7\u00e3o contribui para o aumento do desempenho da rede e abre caminho para uma disponibiliza\u00e7\u00e3o mais alargada de velocidades Gigabit no futuro.<\/p>\n","protected":false},"excerpt":{"rendered":"Embora a DIGI n\u00e3o anuncie oficialmente velocidades Gigabit na sua rede m\u00f3vel, j\u00e1 come\u00e7am a surgir testes que&hellip;\n","protected":false},"author":2,"featured_media":459669,"comment_status":"","ping_status":"","sticky":false,"template":"","format":"standard","meta":{"footnotes":"","_share_on_mastodon":"0"},"categories":[83],"tags":[17359,88,7513,89,90,32,33],"class_list":["post-459668","post","type-post","status-publish","format-standard","has-post-thumbnail","category-empresas","tag-5g","tag-business","tag-digi","tag-economy","tag-empresas","tag-portugal","tag-pt"],"share_on_mastodon":{"url":"https:\/\/pubeurope.com\/@pt\/116969111319343317","error":""},"_links":{"self":[{"href":"https:\/\/www.europesays.com\/pt\/wp-json\/wp\/v2\/posts\/459668","targetHints":{"allow":["GET"]}}],"collection":[{"href":"https:\/\/www.europesays.com\/pt\/wp-json\/wp\/v2\/posts"}],"about":[{"href":"https:\/\/www.europesays.com\/pt\/wp-json\/wp\/v2\/types\/post"}],"author":[{"embeddable":true,"href":"https:\/\/www.europesays.com\/pt\/wp-json\/wp\/v2\/users\/2"}],"replies":[{"embeddable":true,"href":"https:\/\/www.europesays.com\/pt\/wp-json\/wp\/v2\/comments?post=459668"}],"version-history":[{"count":0,"href":"https:\/\/www.europesays.com\/pt\/wp-json\/wp\/v2\/posts\/459668\/revisions"}],"wp:featuredmedia":[{"embeddable":true,"href":"https:\/\/www.europesays.com\/pt\/wp-json\/wp\/v2\/media\/459669"}],"wp:attachment":[{"href":"https:\/\/www.europesays.com\/pt\/wp-json\/wp\/v2\/media?parent=459668"}],"wp:term":[{"taxonomy":"category","embeddable":true,"href":"https:\/\/www.europesays.com\/pt\/wp-json\/wp\/v2\/categories?post=459668"},{"taxonomy":"post_tag","embeddable":true,"href":"https:\/\/www.europesays.com\/pt\/wp-json\/wp\/v2\/tags?post=459668"}],"curies":[{"name":"wp","href":"https:\/\/api.w.org\/{rel}","templated":true}]}}