{"id":459929,"date":"2026-07-23T17:08:11","date_gmt":"2026-07-23T17:08:11","guid":{"rendered":"https:\/\/www.europesays.com\/pt\/459929\/"},"modified":"2026-07-23T17:08:11","modified_gmt":"2026-07-23T17:08:11","slug":"crianca-morre-esquecida-dentro-de-carrinha-da-creche-observador","status":"publish","type":"post","link":"https:\/\/www.europesays.com\/pt\/459929\/","title":{"rendered":"Crian\u00e7a morre esquecida dentro de carrinha da creche \u2013 Observador"},"content":{"rendered":"<p>Uma crian\u00e7a de um ano morreu esta quinta-feira, depois de ter ficado esquecida no interior de uma carrinha da creche que frequentava. A informa\u00e7\u00e3o foi avan\u00e7ada pelo <a href=\"https:\/\/www.cmjornal.pt\/portugal\/detalhe\/crianca-em-estado-grave-apos-ser-esquecida-em-carro-em-almada\" rel=\"nofollow noopener\" target=\"_blank\">Correio da Manh\u00e3<\/a> e confirmada ao Observador por fonte do Comando Sub-Regional de Set\u00fabal da Prote\u00e7\u00e3o Civil.<\/p>\n<p>\u201cFoi chamada uma viatura de emerg\u00eancia e quando chegou ao local j\u00e1 se encontrava a aqui da PSP e a crian\u00e7a estava a ser submetida a manobras de reanima\u00e7\u00e3o\u201d, refere o comandante Miguel Silva em declara\u00e7\u00f5es ao Observador. No entanto, as manobras n\u00e3o permitiram reverter a situa\u00e7\u00e3o e \u201co \u00f3bito acabou por ser declarado no local\u201d.<\/p>\n<p>Segundo o Correio da Manh\u00e3, a carrinha onde a crian\u00e7a foi encontrada pertence \u00e0 creche que frequentava, na Avenida do Cristo Rei, em Almada. O alerta ter\u00e1 sido dado perto das 16h e, uma hora mais tarde, j\u00e1 o \u00f3bito tinha sido declarado.<\/p>\n","protected":false},"excerpt":{"rendered":"Uma crian\u00e7a de um ano morreu esta quinta-feira, depois de ter ficado esquecida no interior de uma carrinha&hellip;\n","protected":false},"author":2,"featured_media":459930,"comment_status":"","ping_status":"","sticky":false,"template":"","format":"standard","meta":{"footnotes":"","_share_on_mastodon":"0"},"categories":[10],"tags":[627,27,28,15,16,14,7923,25,26,21,22,12,13,19,20,57,32,23,24,33,2946,58,17,18,29,30,31],"class_list":["post-459929","post","type-post","status-publish","format-standard","has-post-thumbnail","category-portugal","tag-bombeiros","tag-breaking-news","tag-breakingnews","tag-featured-news","tag-featurednews","tag-headlines","tag-inem","tag-latest-news","tag-latestnews","tag-main-news","tag-mainnews","tag-news","tag-noticias","tag-noticias-principais","tag-noticiasprincipais","tag-pau00eds","tag-portugal","tag-principais-noticias","tag-principaisnoticias","tag-pt","tag-sau00fade","tag-sociedade","tag-top-stories","tag-topstories","tag-ultimas","tag-ultimas-noticias","tag-ultimasnoticias"],"share_on_mastodon":{"url":"","error":""},"_links":{"self":[{"href":"https:\/\/www.europesays.com\/pt\/wp-json\/wp\/v2\/posts\/459929","targetHints":{"allow":["GET"]}}],"collection":[{"href":"https:\/\/www.europesays.com\/pt\/wp-json\/wp\/v2\/posts"}],"about":[{"href":"https:\/\/www.europesays.com\/pt\/wp-json\/wp\/v2\/types\/post"}],"author":[{"embeddable":true,"href":"https:\/\/www.europesays.com\/pt\/wp-json\/wp\/v2\/users\/2"}],"replies":[{"embeddable":true,"href":"https:\/\/www.europesays.com\/pt\/wp-json\/wp\/v2\/comments?post=459929"}],"version-history":[{"count":0,"href":"https:\/\/www.europesays.com\/pt\/wp-json\/wp\/v2\/posts\/459929\/revisions"}],"wp:featuredmedia":[{"embeddable":true,"href":"https:\/\/www.europesays.com\/pt\/wp-json\/wp\/v2\/media\/459930"}],"wp:attachment":[{"href":"https:\/\/www.europesays.com\/pt\/wp-json\/wp\/v2\/media?parent=459929"}],"wp:term":[{"taxonomy":"category","embeddable":true,"href":"https:\/\/www.europesays.com\/pt\/wp-json\/wp\/v2\/categories?post=459929"},{"taxonomy":"post_tag","embeddable":true,"href":"https:\/\/www.europesays.com\/pt\/wp-json\/wp\/v2\/tags?post=459929"}],"curies":[{"name":"wp","href":"https:\/\/api.w.org\/{rel}","templated":true}]}}