{"id":45999,"date":"2025-08-26T15:40:09","date_gmt":"2025-08-26T15:40:09","guid":{"rendered":"https:\/\/www.europesays.com\/pt\/45999\/"},"modified":"2025-08-26T15:40:09","modified_gmt":"2025-08-26T15:40:09","slug":"mercado-famalicao-assegura-extremo-na-serie-a-de-italia","status":"publish","type":"post","link":"https:\/\/www.europesays.com\/pt\/45999\/","title":{"rendered":"Mercado: Famalic\u00e3o assegura extremo na Serie A de It\u00e1lia"},"content":{"rendered":"<p>Sem poder contar com <a target=\"_blank\" class=\"editor-link autolink-enabled\" href=\"https:\/\/www.abola.pt\/futebol\/jogador\/oscar-aranda-230484\" data-resource-id=\"230484\" data-resource-type=\"player\" data-sport=\"football\" rel=\"nofollow noopener\">\u00d3scar Aranda<\/a>, lesionado e com um longo per\u00edodo de recupera\u00e7\u00e3o pela frente, o <a target=\"_blank\" class=\"editor-link autolink-enabled\" href=\"https:\/\/www.abola.pt\/futebol\/famalicao-2614\" data-resource-id=\"2614\" data-resource-type=\"team\" data-sport=\"football\" rel=\"nofollow noopener\">Famalic\u00e3o<\/a> foi ao mercado por um extremo e, segundo Gianluca Di Marzio, assegurou, junto do <a target=\"_blank\" class=\"editor-link autolink-enabled\" href=\"https:\/\/www.abola.pt\/futebol\/parma-252\" data-resource-id=\"252\" data-resource-type=\"team\" data-sport=\"football\" rel=\"nofollow noopener\">Parma<\/a>, o empr\u00e9stimo de <a target=\"_blank\" class=\"editor-link autolink-enabled\" href=\"https:\/\/www.abola.pt\/futebol\/jogador\/antoine-joujou-272446\" data-resource-id=\"272446\" data-resource-type=\"player\" data-sport=\"football\" rel=\"nofollow noopener\">Antoine Joujou<\/a>. Uma informa\u00e7\u00e3o que <strong>A BOLA<\/strong> confirmou entretanto.<\/p>\n<p>Trata-se de um atacante franc\u00eas, de 22 anos e com forte complei\u00e7\u00e3o f\u00edsica \u2014 mede 1,89 metros de altura \u2014, que, na \u00faltima \u00e9poca, foi cedido pelo hist\u00f3rico italiano ao Le Havre, onde deu nas vistas antes de ser contratado pelos transalpinos. Na <a class=\"autolink-enabled\" data-resource-id=\"8\" data-resource-type=\"competition\" data-sport=\"football\" href=\"https:\/\/www.abola.pt\/futebol\/competicao\/ligue-1-8\" rel=\"nofollow noopener\" target=\"_blank\">Ligue 1<\/a>, fez 27 jogos e duas assist\u00eancias para golo.<\/p>\n<p><a class=\"autolink-enabled\" data-resource-id=\"272446\" data-resource-type=\"player\" data-sport=\"football\" href=\"https:\/\/www.abola.pt\/futebol\/jogador\/antoine-joujou-272446\" rel=\"nofollow noopener\" target=\"_blank\">Joujou<\/a> tem viagem prevista para o <a class=\"autolink-enabled\" data-resource-id=\"451\" data-resource-type=\"team\" data-sport=\"football\" href=\"https:\/\/www.abola.pt\/futebol\/fc-porto-451\" rel=\"nofollow noopener\" target=\"_blank\">Porto<\/a> esta quarta-feira, devendo, depois, ser oficializado como refor\u00e7o dos famalicenses.<\/p>\n<p>O defesa voltou a merecer a confian\u00e7a do selecionador dos Palancas Negras e poder\u00e1 somar minutos nas datas FIFA, contra L\u00edbia e Ilhas Maur\u00edcias, referentes \u00e0 qualifica\u00e7\u00e3o para o <a class=\"autolink-enabled\" data-resource-id=\"30\" data-resource-type=\"competition\" data-sport=\"football\" href=\"https:\/\/www.abola.pt\/futebol\/competicao\/mundial-30\" rel=\"nofollow noopener\" target=\"_blank\">Mundial<\/a> 2026.<\/p>\n","protected":false},"excerpt":{"rendered":"Sem poder contar com \u00d3scar Aranda, lesionado e com um longo per\u00edodo de recupera\u00e7\u00e3o pela frente, o Famalic\u00e3o&hellip;\n","protected":false},"author":2,"featured_media":46000,"comment_status":"","ping_status":"","sticky":false,"template":"","format":"standard","meta":{"footnotes":""},"categories":[87],"tags":[135,32,33,134],"class_list":{"0":"post-45999","1":"post","2":"type-post","3":"status-publish","4":"format-standard","5":"has-post-thumbnail","7":"category-desporto","8":"tag-desporto","9":"tag-portugal","10":"tag-pt","11":"tag-sports"},"share_on_mastodon":{"url":"","error":""},"_links":{"self":[{"href":"https:\/\/www.europesays.com\/pt\/wp-json\/wp\/v2\/posts\/45999","targetHints":{"allow":["GET"]}}],"collection":[{"href":"https:\/\/www.europesays.com\/pt\/wp-json\/wp\/v2\/posts"}],"about":[{"href":"https:\/\/www.europesays.com\/pt\/wp-json\/wp\/v2\/types\/post"}],"author":[{"embeddable":true,"href":"https:\/\/www.europesays.com\/pt\/wp-json\/wp\/v2\/users\/2"}],"replies":[{"embeddable":true,"href":"https:\/\/www.europesays.com\/pt\/wp-json\/wp\/v2\/comments?post=45999"}],"version-history":[{"count":0,"href":"https:\/\/www.europesays.com\/pt\/wp-json\/wp\/v2\/posts\/45999\/revisions"}],"wp:featuredmedia":[{"embeddable":true,"href":"https:\/\/www.europesays.com\/pt\/wp-json\/wp\/v2\/media\/46000"}],"wp:attachment":[{"href":"https:\/\/www.europesays.com\/pt\/wp-json\/wp\/v2\/media?parent=45999"}],"wp:term":[{"taxonomy":"category","embeddable":true,"href":"https:\/\/www.europesays.com\/pt\/wp-json\/wp\/v2\/categories?post=45999"},{"taxonomy":"post_tag","embeddable":true,"href":"https:\/\/www.europesays.com\/pt\/wp-json\/wp\/v2\/tags?post=45999"}],"curies":[{"name":"wp","href":"https:\/\/api.w.org\/{rel}","templated":true}]}}