{"id":460095,"date":"2026-07-23T20:25:08","date_gmt":"2026-07-23T20:25:08","guid":{"rendered":"https:\/\/www.europesays.com\/pt\/460095\/"},"modified":"2026-07-23T20:25:08","modified_gmt":"2026-07-23T20:25:08","slug":"sporting-ja-definiu-alvo-para-substituir-francisco-trincao-e-avanca-por-nome-que-esta-na-lista-do-benfica","status":"publish","type":"post","link":"https:\/\/www.europesays.com\/pt\/460095\/","title":{"rendered":"Sporting j\u00e1 definiu alvo para substituir Francisco Trinc\u00e3o e avan\u00e7a por nome que est\u00e1 na lista do Benfica"},"content":{"rendered":"<p>&#8211; Advertisement &#8211;<\/p>\n<p><strong>O Sporting quer garantir a contrata\u00e7\u00e3o de Anis Hadj Moussa. Avan\u00e7ado argelino \u00e9 visto pelos le\u00f5es como o substituto de Francisco Trinc\u00e3o. <\/strong><\/p>\n<p class=\"wp-block-paragraph\" id=\"h-o-sporting-quer-garantir-a-contratacao-de-anis-hadj-moussa-avancado-argelino-e-visto-pelos-leoes-como-o-substituto-de-francisco-trincao\">O Sporting j\u00e1 iniciou os contactos para garantir a contrata\u00e7\u00e3o de Anis Hadj Moussa. A informa\u00e7\u00e3o est\u00e1 a ser avan\u00e7ada por Santi Aouna, que garante que os le\u00f5es olham para o extremo como o substituto de Francisco Trinc\u00e3o,<a href=\"https:\/\/bolanarede.pt\/especial-bola-na-rede\/atualidade\/francisco-trincao-despede-se-do-sporting-nao-e-suficiente-para-dizer-aquilo-que-estes-anos-significaram-para-mim\/\" target=\"_blank\" rel=\"noreferrer noopener nofollow\"> j\u00e1 oficializado no Al Ahli. <\/a><\/p>\n<p class=\"wp-block-paragraph\">Os dirigentes leoninos est\u00e3o convencidos das qualidades do extremo argelino, que representa o Feyenoord e esteve recentemente no Mundial 2026. Os primeiros contactos entre as duas partes j\u00e1 foram colocados em andamento.<\/p>\n<p class=\"wp-block-paragraph\">Recorde-se que Anis Hadj Moussa foi fortemente associado ao Benfica no \u00faltimo ver\u00e3o, <a href=\"https:\/\/bolanarede.pt\/especial-bola-na-rede\/atualidade\/benfica-continua-interessado-em-alvo-prioritario-do-verao\/\" target=\"_blank\" rel=\"noreferrer noopener nofollow\">tendo-se mantido na lista encarnada para este mercado<\/a>, embora de forma menos insistente. Para vender o extremo, o Feyenoord<a href=\"https:\/\/bolanarede.pt\/especial-bola-na-rede\/atualidade\/feyenoord-estabelece-preco-de-antigo-alvo-do-benfica-entre-30-e-35-milhoes-de-euros\/\" target=\"_blank\" rel=\"noreferrer noopener nofollow\"> exige uma verba entre os 30 e os 35 milh\u00f5es de euros<\/a>.<\/p>\n<p class=\"wp-block-paragraph\">Anis Hadj Moussa tem 24 anos e na \u00faltima temporada, pelos neerlandeses, fez 40 jogos nos quais somou 14 golos e sete assist\u00eancias. <\/p>\n<blockquote class=\"twitter-tweet\" data-width=\"550\" data-dnt=\"true\">\n<p lang=\"fr\" dir=\"ltr\">\ud83d\udea8 EXCL: \ud83d\udd34\u26aa\ufe0f\ud83c\udde9\ud83c\uddff <a href=\"https:\/\/x.com\/hashtag\/Eredivisie?src=hash&amp;ref_src=twsrc%5Etfw\" rel=\"nofollow\">#Eredivisie<\/a> |<\/p>\n<p>\u2757\ufe0fLe Sporting CP a identifi\u00e9 Anis Hadj Moussa comme la priorit\u00e9 pour remplacer Francisco Trinc\u00e3o, parti \u00e0 Al-Ahli.<\/p>\n<p>\ud83d\udc40 L&#8217;ailier de Feyenoord est tr\u00e8s appr\u00e9ci\u00e9 par les dirigeants lisbo\u00e8tes, qui ont d\u00e9j\u00e0 entam\u00e9 les premi\u00e8res d\u00e9marches sur ce dossier\u2026 <a href=\"https:\/\/t.co\/DqkiLNX9Z4\" rel=\"nofollow\">pic.twitter.com\/DqkiLNX9Z4<\/a><\/p>\n<p>\u2014 Santi Aouna (@Santi_J_FM) <a href=\"https:\/\/x.com\/Santi_J_FM\/status\/2080344778231681050?ref_src=twsrc%5Etfw\" rel=\"nofollow\">July 23, 2026<\/a><\/p><\/blockquote>\n<p><script async src=\"https:\/\/platform.twitter.com\/widgets.js\" charset=\"utf-8\"><\/script><\/p>\n","protected":false},"excerpt":{"rendered":"&#8211; Advertisement &#8211; O Sporting quer garantir a contrata\u00e7\u00e3o de Anis Hadj Moussa. Avan\u00e7ado argelino \u00e9 visto pelos&hellip;\n","protected":false},"author":2,"featured_media":460096,"comment_status":"","ping_status":"","sticky":false,"template":"","format":"standard","meta":{"footnotes":"","_share_on_mastodon":"0"},"categories":[87],"tags":[1392,260,135,478,1393,303,8318,32,479,33,34,134],"class_list":["post-460095","post","type-post","status-publish","format-standard","has-post-thumbnail","category-desporto","tag-anis-hadj-moussa","tag-atualidade","tag-desporto","tag-destaques-bnr","tag-eredivisie","tag-feyenoord","tag-francisco-trincao","tag-portugal","tag-primeira-liga","tag-pt","tag-sporting","tag-sports"],"share_on_mastodon":{"url":"https:\/\/pubeurope.com\/@pt\/116971171208310593","error":""},"_links":{"self":[{"href":"https:\/\/www.europesays.com\/pt\/wp-json\/wp\/v2\/posts\/460095","targetHints":{"allow":["GET"]}}],"collection":[{"href":"https:\/\/www.europesays.com\/pt\/wp-json\/wp\/v2\/posts"}],"about":[{"href":"https:\/\/www.europesays.com\/pt\/wp-json\/wp\/v2\/types\/post"}],"author":[{"embeddable":true,"href":"https:\/\/www.europesays.com\/pt\/wp-json\/wp\/v2\/users\/2"}],"replies":[{"embeddable":true,"href":"https:\/\/www.europesays.com\/pt\/wp-json\/wp\/v2\/comments?post=460095"}],"version-history":[{"count":0,"href":"https:\/\/www.europesays.com\/pt\/wp-json\/wp\/v2\/posts\/460095\/revisions"}],"wp:featuredmedia":[{"embeddable":true,"href":"https:\/\/www.europesays.com\/pt\/wp-json\/wp\/v2\/media\/460096"}],"wp:attachment":[{"href":"https:\/\/www.europesays.com\/pt\/wp-json\/wp\/v2\/media?parent=460095"}],"wp:term":[{"taxonomy":"category","embeddable":true,"href":"https:\/\/www.europesays.com\/pt\/wp-json\/wp\/v2\/categories?post=460095"},{"taxonomy":"post_tag","embeddable":true,"href":"https:\/\/www.europesays.com\/pt\/wp-json\/wp\/v2\/tags?post=460095"}],"curies":[{"name":"wp","href":"https:\/\/api.w.org\/{rel}","templated":true}]}}