{"id":46011,"date":"2025-08-26T15:47:10","date_gmt":"2025-08-26T15:47:10","guid":{"rendered":"https:\/\/www.europesays.com\/pt\/46011\/"},"modified":"2025-08-26T15:47:10","modified_gmt":"2025-08-26T15:47:10","slug":"sporting-ioannidis-dificil-e-se-nao-houver-substituto-harder-fica","status":"publish","type":"post","link":"https:\/\/www.europesays.com\/pt\/46011\/","title":{"rendered":"Sporting: Ioannidis dif\u00edcil e se n\u00e3o houver substituto\u2026 Harder fica"},"content":{"rendered":"<p>N\u00e3o est\u00e3o f\u00e1ceis as negocia\u00e7\u00f5es entre o <a target=\"_blank\" class=\"editor-link autolink-enabled\" href=\"https:\/\/www.abola.pt\/futebol\/sporting-448\" data-resource-id=\"448\" data-resource-type=\"team\" data-sport=\"football\" rel=\"nofollow noopener\">Sporting<\/a> e o <a target=\"_blank\" class=\"editor-link autolink-enabled\" href=\"https:\/\/www.abola.pt\/futebol\/panathinaikos-551\" data-resource-id=\"551\" data-resource-type=\"team\" data-sport=\"football\" rel=\"nofollow noopener\">Panathinaikos<\/a> por <a target=\"_blank\" class=\"editor-link autolink-enabled\" href=\"https:\/\/www.abola.pt\/futebol\/jogador\/fotis-ioannidis-187224\" data-resource-id=\"187224\" data-resource-type=\"player\" data-sport=\"football\" rel=\"nofollow noopener\">Ioannidis<\/a>. Os le\u00f5es chegam perto dos 20 milh\u00f5es de euros pelo avan\u00e7ado grego de 25 anos mas o emblema de Atenas continua a exigir mais, est\u00e1 a fazer avalia\u00e7\u00e3o muito alta do valor do jogador e os le\u00f5es, \u00e9 certo, n\u00e3o v\u00e3o entrar em loucuras.<\/p>\n<p>As negocia\u00e7\u00f5es, por\u00e9m, est\u00e3o em marcha e delas dependa a sa\u00edda de <a class=\"autolink-enabled\" data-resource-id=\"279751\" data-resource-type=\"player\" data-sport=\"football\" href=\"https:\/\/www.abola.pt\/futebol\/jogador\/conrad-harder-279751\" rel=\"nofollow noopener\" target=\"_blank\">Conrad Harder<\/a> para o <a class=\"autolink-enabled\" data-resource-id=\"245\" data-resource-type=\"team\" data-sport=\"football\" href=\"https:\/\/www.abola.pt\/futebol\/milan-245\" rel=\"nofollow noopener\" target=\"_blank\">Milan<\/a>, que paga cerca de 23 milh\u00f5es de euros mais 3 milh\u00f5es em b\u00f3nus pelo avan\u00e7ado leonino de 20 anos, que s\u00f3 sai efetivamente quando e se os verdes e brancos fecharem um substituto.<\/p>\n<p>O alvo principal e onde o <a class=\"autolink-enabled\" data-resource-id=\"448\" data-resource-type=\"team\" data-sport=\"football\" href=\"https:\/\/www.abola.pt\/futebol\/sporting-448\" rel=\"nofollow noopener\" target=\"_blank\">Sporting<\/a> coloca as fichas \u00e9 mesmo <a class=\"autolink-enabled\" data-resource-id=\"187224\" data-resource-type=\"player\" data-sport=\"football\" href=\"https:\/\/www.abola.pt\/futebol\/jogador\/fotis-ioannidis-187224\" rel=\"nofollow noopener\" target=\"_blank\">Ioannidis<\/a>, precisamente o avan\u00e7ado que na temporada passada protagonizou a grande novela de ver\u00e3o em Alvalade e acabou por dar o lugar a precisamente\u2026 <a class=\"autolink-enabled\" data-resource-id=\"279751\" data-resource-type=\"player\" data-sport=\"football\" href=\"https:\/\/www.abola.pt\/futebol\/jogador\/conrad-harder-279751\" rel=\"nofollow noopener\" target=\"_blank\">Harder<\/a>, que custou 19 milh\u00f5es de euros, oriundo do <a class=\"autolink-enabled\" data-resource-id=\"986\" data-resource-type=\"team\" data-sport=\"football\" href=\"https:\/\/www.abola.pt\/futebol\/nordsjaelland-986\" rel=\"nofollow noopener\" target=\"_blank\">Nordsjaelland<\/a>.<\/p>\n<p>Com o atacante grego, desta vez j\u00e1 convencido a rumar a Alvalade, h\u00e1 entendimento, falta com o clube da capital da <a class=\"autolink-enabled\" data-resource-id=\"1284\" data-resource-type=\"team\" data-sport=\"football\" href=\"https:\/\/www.abola.pt\/futebol\/grecia-1284\" rel=\"nofollow noopener\" target=\"_blank\">Gr\u00e9cia<\/a>, que no ver\u00e3o passado nunca baixou dos 25 milh\u00f5es de euros. Se n\u00e3o houver substituto, seja Ioannidos ou uma alternativa, <a class=\"autolink-enabled\" data-resource-id=\"279751\" data-resource-type=\"player\" data-sport=\"football\" href=\"https:\/\/www.abola.pt\/futebol\/jogador\/conrad-harder-279751\" rel=\"nofollow noopener\" target=\"_blank\">Conrad Harder<\/a> fica.<\/p>\n","protected":false},"excerpt":{"rendered":"N\u00e3o est\u00e3o f\u00e1ceis as negocia\u00e7\u00f5es entre o Sporting e o Panathinaikos por Ioannidis. Os le\u00f5es chegam perto dos&hellip;\n","protected":false},"author":2,"featured_media":46012,"comment_status":"","ping_status":"","sticky":false,"template":"","format":"standard","meta":{"footnotes":""},"categories":[8],"tags":[27,28,15,16,14,25,26,21,22,12,13,19,20,32,23,24,33,17,18,29,30,31],"class_list":{"0":"post-46011","1":"post","2":"type-post","3":"status-publish","4":"format-standard","5":"has-post-thumbnail","7":"category-principais-noticias","8":"tag-breaking-news","9":"tag-breakingnews","10":"tag-featured-news","11":"tag-featurednews","12":"tag-headlines","13":"tag-latest-news","14":"tag-latestnews","15":"tag-main-news","16":"tag-mainnews","17":"tag-news","18":"tag-noticias","19":"tag-noticias-principais","20":"tag-noticiasprincipais","21":"tag-portugal","22":"tag-principais-noticias","23":"tag-principaisnoticias","24":"tag-pt","25":"tag-top-stories","26":"tag-topstories","27":"tag-ultimas","28":"tag-ultimas-noticias","29":"tag-ultimasnoticias"},"share_on_mastodon":{"url":"","error":""},"_links":{"self":[{"href":"https:\/\/www.europesays.com\/pt\/wp-json\/wp\/v2\/posts\/46011","targetHints":{"allow":["GET"]}}],"collection":[{"href":"https:\/\/www.europesays.com\/pt\/wp-json\/wp\/v2\/posts"}],"about":[{"href":"https:\/\/www.europesays.com\/pt\/wp-json\/wp\/v2\/types\/post"}],"author":[{"embeddable":true,"href":"https:\/\/www.europesays.com\/pt\/wp-json\/wp\/v2\/users\/2"}],"replies":[{"embeddable":true,"href":"https:\/\/www.europesays.com\/pt\/wp-json\/wp\/v2\/comments?post=46011"}],"version-history":[{"count":0,"href":"https:\/\/www.europesays.com\/pt\/wp-json\/wp\/v2\/posts\/46011\/revisions"}],"wp:featuredmedia":[{"embeddable":true,"href":"https:\/\/www.europesays.com\/pt\/wp-json\/wp\/v2\/media\/46012"}],"wp:attachment":[{"href":"https:\/\/www.europesays.com\/pt\/wp-json\/wp\/v2\/media?parent=46011"}],"wp:term":[{"taxonomy":"category","embeddable":true,"href":"https:\/\/www.europesays.com\/pt\/wp-json\/wp\/v2\/categories?post=46011"},{"taxonomy":"post_tag","embeddable":true,"href":"https:\/\/www.europesays.com\/pt\/wp-json\/wp\/v2\/tags?post=46011"}],"curies":[{"name":"wp","href":"https:\/\/api.w.org\/{rel}","templated":true}]}}