{"id":460412,"date":"2026-07-24T01:57:12","date_gmt":"2026-07-24T01:57:12","guid":{"rendered":"https:\/\/www.europesays.com\/pt\/460412\/"},"modified":"2026-07-24T01:57:12","modified_gmt":"2026-07-24T01:57:12","slug":"assista-a-integra-do-jornal-da-record-17","status":"publish","type":"post","link":"https:\/\/www.europesays.com\/pt\/460412\/","title":{"rendered":"Assista \u00e0 \u00edntegra do Jornal da Record"},"content":{"rendered":"<p class=\"jarvics:base-text-neutral-high-400 xovem:base-text-dark-high-400 base-text-[calc(theme(fontSize.xs)_*_var(--font-size,_1))] base-font-normal base-font-primary base-text-neutral-low-500 base-text-left\">Confira na edi\u00e7\u00e3o do Jornal da Record desta quinta-feira (23): Motorista b\u00eabado invade a contram\u00e3o, mata um policial e repete crime que j\u00e1 tinha cometido. Brasil reduz o n\u00famero de homic\u00eddios, mas registra recorde de feminic\u00eddios. Mulher com c\u00e2ncer \u00e9 levada para mesa de cirurgia por engano e morre em hospital. Pre\u00e7o do petr\u00f3leo chega aos US$ 100 depois de novos ataques terroristas a navios da Ar\u00e1bia Saudita.<\/p>\n","protected":false},"excerpt":{"rendered":"Confira na edi\u00e7\u00e3o do Jornal da Record desta quinta-feira (23): Motorista b\u00eabado invade a contram\u00e3o, mata um policial&hellip;\n","protected":false},"author":2,"featured_media":460413,"comment_status":"","ping_status":"","sticky":false,"template":"","format":"standard","meta":{"footnotes":"","_share_on_mastodon":"0"},"categories":[142],"tags":[73877,114,115,43806,4286,32,33,151],"class_list":["post-460412","post","type-post","status-publish","format-standard","has-post-thumbnail","category-tv","tag-23-07-2026","tag-entertainment","tag-entretenimento","tag-integra","tag-jornal-da-record","tag-portugal","tag-pt","tag-tv"],"share_on_mastodon":{"url":"https:\/\/pubeurope.com\/@pt\/116972476524632720","error":""},"_links":{"self":[{"href":"https:\/\/www.europesays.com\/pt\/wp-json\/wp\/v2\/posts\/460412","targetHints":{"allow":["GET"]}}],"collection":[{"href":"https:\/\/www.europesays.com\/pt\/wp-json\/wp\/v2\/posts"}],"about":[{"href":"https:\/\/www.europesays.com\/pt\/wp-json\/wp\/v2\/types\/post"}],"author":[{"embeddable":true,"href":"https:\/\/www.europesays.com\/pt\/wp-json\/wp\/v2\/users\/2"}],"replies":[{"embeddable":true,"href":"https:\/\/www.europesays.com\/pt\/wp-json\/wp\/v2\/comments?post=460412"}],"version-history":[{"count":0,"href":"https:\/\/www.europesays.com\/pt\/wp-json\/wp\/v2\/posts\/460412\/revisions"}],"wp:featuredmedia":[{"embeddable":true,"href":"https:\/\/www.europesays.com\/pt\/wp-json\/wp\/v2\/media\/460413"}],"wp:attachment":[{"href":"https:\/\/www.europesays.com\/pt\/wp-json\/wp\/v2\/media?parent=460412"}],"wp:term":[{"taxonomy":"category","embeddable":true,"href":"https:\/\/www.europesays.com\/pt\/wp-json\/wp\/v2\/categories?post=460412"},{"taxonomy":"post_tag","embeddable":true,"href":"https:\/\/www.europesays.com\/pt\/wp-json\/wp\/v2\/tags?post=460412"}],"curies":[{"name":"wp","href":"https:\/\/api.w.org\/{rel}","templated":true}]}}