{"id":460563,"date":"2026-07-24T07:40:13","date_gmt":"2026-07-24T07:40:13","guid":{"rendered":"https:\/\/www.europesays.com\/pt\/460563\/"},"modified":"2026-07-24T07:40:13","modified_gmt":"2026-07-24T07:40:13","slug":"telemoveis-e-cancro-do-cerebro-oms-afasta-perigo-com-dados","status":"publish","type":"post","link":"https:\/\/www.europesays.com\/pt\/460563\/","title":{"rendered":"Telem\u00f3veis e cancro do c\u00e9rebro: OMS afasta perigo com dados"},"content":{"rendered":"<p>H\u00e1 muito que se especula que existe uma rela\u00e7\u00e3o direta entre os telem\u00f3veis e o cancro da cabe\u00e7a. Mesmo com toda a informa\u00e7\u00e3o dispon\u00edveis, h\u00e1 muitos que garantem a correla\u00e7\u00e3o direta. Com vista a terminar este estigma, a OMS realizou um estudo e afasta este perigo, usando dados conclusivos.<\/p>\n<p><a target=\"_blank\" href=\"https:\/\/pplware.sapo.pt\/wp-content\/uploads\/2026\/07\/oms_telemovel_cancro_cabeca_1.jpg\" onclick=\"refreshIframe()\" class=\"foobox\" rel=\"nofollow noopener\"><img fetchpriority=\"high\" decoding=\"async\" src=\"https:\/\/www.europesays.com\/pt\/wp-content\/uploads\/2026\/07\/oms_telemovel_cancro_cabeca_1-720x405.jpg\" alt=\"telem\u00f3veis cancro cabe\u00e7a OMS estudo\" width=\"720\" height=\"405\" class=\"alignnone size-medium wp-image-1131607\"  \/><\/a>\n<\/p>\n<p>Telem\u00f3veis e cancro da cabe\u00e7a, verdade ou mentira?<\/p>\n<p>A rela\u00e7\u00e3o entre o uso de telem\u00f3veis e o cancro na cabe\u00e7a ou no pesco\u00e7o voltou a ser analisada ao pormenor pela comunidade cient\u00edfica internacional. Numa das investiga\u00e7\u00f5es mais abrangentes e rigorosas feitas at\u00e9 \u00e0 data, pedida pela Organiza\u00e7\u00e3o Mundial da Sa\u00fade (OMS), os peritos conclu\u00edram que n\u00e3o existe qualquer evid\u00eancia que associe as emiss\u00f5es de radiofrequ\u00eancia dos smartphones ao desenvolvimento de tumores cerebrais.<\/p>\n<p>A an\u00e1lise <a target=\"_blank\" href=\"https:\/\/nzmj.org.nz\/journal\/vol-139-no-1638\/health-risks-of-radiofrequency-electromagnetic-fields-and-the-world-health-organization-s-programme\" rel=\"nofollow noopener\">reuniu<\/a> dados recolhidos ao longo de v\u00e1rias d\u00e9cadas de investiga\u00e7\u00e3o cient\u00edfica. Os investigadores avaliaram dezenas de estudos de revis\u00e3o sistem\u00e1tica focados nos impactos dos campos eletromagn\u00e9ticos no corpo humano. O objetivo passou por perceber se a utiliza\u00e7\u00e3o prolongada, a proximidade com antenas ou a exposi\u00e7\u00e3o continuada \u00e0s redes sem fios teriam impacto direto na taxa de incid\u00eancia destas doen\u00e7as.<\/p>\n<p>O argumento principal assentou numa compara\u00e7\u00e3o simples entre a evolu\u00e7\u00e3o da tecnologia e as estat\u00edsticas de sa\u00fade. Desde a d\u00e9cada de 1990 que a utiliza\u00e7\u00e3o de telem\u00f3veis explodiu, tornando-se um objeto do quotidiano de milhares de milh\u00f5es de pessoas. Os registos m\u00e9dicos mostram que as taxas de cancro no c\u00e9rebro e no pesco\u00e7o se mantiveram est\u00e1veis ao longo deste per\u00edodo, sem aumentos proporcionais \u00e0 ado\u00e7\u00e3o dos equipamentos.<\/p>\n<p><a target=\"_blank\" href=\"https:\/\/pplware.sapo.pt\/wp-content\/uploads\/2026\/07\/oms_telemovel_cancro_cabeca_2.jpg\" onclick=\"refreshIframe()\" class=\"foobox\" rel=\"nofollow noopener\"><img loading=\"lazy\" decoding=\"async\" src=\"https:\/\/www.europesays.com\/pt\/wp-content\/uploads\/2026\/07\/oms_telemovel_cancro_cabeca_2-720x405.jpg\" alt=\"telem\u00f3veis cancro cabe\u00e7a OMS estudo\" width=\"720\" height=\"405\" class=\"alignnone size-medium wp-image-1131608\"  \/><\/a><\/p>\n<p>Estudo da OMS afasta perigo com dados conclusivos<\/p>\n<p>Se a radia\u00e7\u00e3o emitida pelos telem\u00f3veis representasse um risco real para a sa\u00fade, o aumento nos casos diagnosticais teria sido evidente e mensur\u00e1vel nas \u00faltimas d\u00e9cadas. A aus\u00eancia desta correla\u00e7\u00e3o levou os peritos a descartar a liga\u00e7\u00e3o direta entre esta tecnologia e o surgimento destas patologias. A investiga\u00e7\u00e3o abrangeu tamb\u00e9m as tecnologias mais recentes, como o 4G e o 5G, al\u00e9m dos sinais de r\u00e1dio e redes Wi-Fi. <\/p>\n<p>As conclus\u00f5es refor\u00e7am a posi\u00e7\u00e3o de organismos internacionais de sa\u00fade e investiga\u00e7\u00e3o oncol\u00f3gica, assumidas ao longe de v\u00e1rios anos e em v\u00e1rios estudos. Confirmaram que os n\u00edveis de energia emitidos por este tipo de ondas eletromagn\u00e9ticas n\u00e3o ionizantes n\u00e3o possuem capacidade para danificar o ADN das c\u00e9lulas humanas.<\/p>\n<p>Com este resultado, a OMS e as equipas envolvidas procuram tranquilizar a popula\u00e7\u00e3o relativamente \u00e0 seguran\u00e7a dos equipamentos m\u00f3veis. Ainda assim, a comunidade cient\u00edfica garante que continuar\u00e1 a monitorizar a evolu\u00e7\u00e3o destas frequ\u00eancias e o aparecimento de novas tecnologias de comunica\u00e7\u00e3o para assegurar a prote\u00e7\u00e3o continuada dos utilizadores.<\/p>\n","protected":false},"excerpt":{"rendered":"H\u00e1 muito que se especula que existe uma rela\u00e7\u00e3o direta entre os telem\u00f3veis e o cancro da cabe\u00e7a.&hellip;\n","protected":false},"author":2,"featured_media":460564,"comment_status":"","ping_status":"","sticky":false,"template":"","format":"standard","meta":{"footnotes":"","_share_on_mastodon":"0"},"categories":[86],"tags":[2200,1207,1347,116,2778,32,33,117,4057],"class_list":["post-460563","post","type-post","status-publish","format-standard","has-post-thumbnail","category-saude","tag-cabeca","tag-cancro","tag-estudo","tag-health","tag-oms","tag-portugal","tag-pt","tag-saude","tag-telemoveis"],"share_on_mastodon":{"url":"https:\/\/pubeurope.com\/@pt\/116973826044209740","error":""},"_links":{"self":[{"href":"https:\/\/www.europesays.com\/pt\/wp-json\/wp\/v2\/posts\/460563","targetHints":{"allow":["GET"]}}],"collection":[{"href":"https:\/\/www.europesays.com\/pt\/wp-json\/wp\/v2\/posts"}],"about":[{"href":"https:\/\/www.europesays.com\/pt\/wp-json\/wp\/v2\/types\/post"}],"author":[{"embeddable":true,"href":"https:\/\/www.europesays.com\/pt\/wp-json\/wp\/v2\/users\/2"}],"replies":[{"embeddable":true,"href":"https:\/\/www.europesays.com\/pt\/wp-json\/wp\/v2\/comments?post=460563"}],"version-history":[{"count":0,"href":"https:\/\/www.europesays.com\/pt\/wp-json\/wp\/v2\/posts\/460563\/revisions"}],"wp:featuredmedia":[{"embeddable":true,"href":"https:\/\/www.europesays.com\/pt\/wp-json\/wp\/v2\/media\/460564"}],"wp:attachment":[{"href":"https:\/\/www.europesays.com\/pt\/wp-json\/wp\/v2\/media?parent=460563"}],"wp:term":[{"taxonomy":"category","embeddable":true,"href":"https:\/\/www.europesays.com\/pt\/wp-json\/wp\/v2\/categories?post=460563"},{"taxonomy":"post_tag","embeddable":true,"href":"https:\/\/www.europesays.com\/pt\/wp-json\/wp\/v2\/tags?post=460563"}],"curies":[{"name":"wp","href":"https:\/\/api.w.org\/{rel}","templated":true}]}}