{"id":460596,"date":"2026-07-24T08:52:15","date_gmt":"2026-07-24T08:52:15","guid":{"rendered":"https:\/\/www.europesays.com\/pt\/460596\/"},"modified":"2026-07-24T08:52:15","modified_gmt":"2026-07-24T08:52:15","slug":"torel-converte-polemica-guesthouse-num-cinco-estrelas-exclusivo-para-adultos-no-porto-turismo-lazer","status":"publish","type":"post","link":"https:\/\/www.europesays.com\/pt\/460596\/","title":{"rendered":"Torel converte pol\u00e9mica guesthouse num cinco estrelas exclusivo para adultos no Porto &#8211; Turismo &#038; Lazer"},"content":{"rendered":"<p class=\"\">&#13;<br \/>\n        17 de setembro de 2025: em resultado da rutura entre o propriet\u00e1rio do edif\u00edcio e a gestora do espa\u00e7o, a guesthouse de luxo \u201cMaison Bleue\u201d, na Rua da Restaura\u00e7\u00e3o, no Porto, com vista para Vila Nova de Gaia e para o Rio Douro, fechava portas, sem aviso pr\u00e9vio, com os h\u00f3spedes a serem mesmo for\u00e7ados a deixar o hotel e encontrar outro local para pernoitar.&#13;\n    <\/p>\n","protected":false},"excerpt":{"rendered":"&#13; 17 de setembro de 2025: em resultado da rutura entre o propriet\u00e1rio do edif\u00edcio e a gestora&hellip;\n","protected":false},"author":2,"featured_media":460597,"comment_status":"","ping_status":"","sticky":false,"template":"","format":"standard","meta":{"footnotes":"","_share_on_mastodon":"0"},"categories":[85],"tags":[351,73898,73895,114,115,73894,59787,73896,73897,462,32,33,2503,3555],"class_list":["post-460596","post","type-post","status-publish","format-standard","has-post-thumbnail","category-entretenimento","tag-acores","tag-christian-haas","tag-coterie","tag-entertainment","tag-entretenimento","tag-hotel-acores","tag-joao-pedro-galvao","tag-joao-pedro-tavares","tag-oliviero-toscani","tag-porto","tag-portugal","tag-pt","tag-restauracao","tag-restaurantes"],"share_on_mastodon":{"url":"","error":""},"_links":{"self":[{"href":"https:\/\/www.europesays.com\/pt\/wp-json\/wp\/v2\/posts\/460596","targetHints":{"allow":["GET"]}}],"collection":[{"href":"https:\/\/www.europesays.com\/pt\/wp-json\/wp\/v2\/posts"}],"about":[{"href":"https:\/\/www.europesays.com\/pt\/wp-json\/wp\/v2\/types\/post"}],"author":[{"embeddable":true,"href":"https:\/\/www.europesays.com\/pt\/wp-json\/wp\/v2\/users\/2"}],"replies":[{"embeddable":true,"href":"https:\/\/www.europesays.com\/pt\/wp-json\/wp\/v2\/comments?post=460596"}],"version-history":[{"count":0,"href":"https:\/\/www.europesays.com\/pt\/wp-json\/wp\/v2\/posts\/460596\/revisions"}],"wp:featuredmedia":[{"embeddable":true,"href":"https:\/\/www.europesays.com\/pt\/wp-json\/wp\/v2\/media\/460597"}],"wp:attachment":[{"href":"https:\/\/www.europesays.com\/pt\/wp-json\/wp\/v2\/media?parent=460596"}],"wp:term":[{"taxonomy":"category","embeddable":true,"href":"https:\/\/www.europesays.com\/pt\/wp-json\/wp\/v2\/categories?post=460596"},{"taxonomy":"post_tag","embeddable":true,"href":"https:\/\/www.europesays.com\/pt\/wp-json\/wp\/v2\/tags?post=460596"}],"curies":[{"name":"wp","href":"https:\/\/api.w.org\/{rel}","templated":true}]}}