{"id":460640,"date":"2026-07-24T09:45:16","date_gmt":"2026-07-24T09:45:16","guid":{"rendered":"https:\/\/www.europesays.com\/pt\/460640\/"},"modified":"2026-07-24T09:45:16","modified_gmt":"2026-07-24T09:45:16","slug":"fotografo-jorge-bodanzky-retorna-a-sibauma-apos-quase-60-anos","status":"publish","type":"post","link":"https:\/\/www.europesays.com\/pt\/460640\/","title":{"rendered":"Fot\u00f3grafo Jorge Bodanzky retorna a Siba\u00fama ap\u00f3s quase 60 anos"},"content":{"rendered":"<p>No mesmo lugar onde, h\u00e1 quase seis d\u00e9cadas, registrou rostos, hist\u00f3rias e modos de vida de uma comunidade quilombola \u00e0 beira-mar, o fot\u00f3grafo e cineasta Jorge Bodanzky retorna ao Rio Grande do Norte para um reencontro marcado pela mem\u00f3ria. A passagem do artista pelo estado ser\u00e1 celebrada com uma programa\u00e7\u00e3o especial que inclui uma mostra sobre sua trajet\u00f3ria cinematogr\u00e1fica e a abertura da exposi\u00e7\u00e3o Herdeiros de Zumbi \u2013 Um \u00c1lbum de Fam\u00edlia de Siba\u00fama, reunindo imagens produzidas em 1969 e que hoje ajudam a contar a hist\u00f3ria da comunidade.<\/p>\n<p>A programa\u00e7\u00e3o come\u00e7a nesta quinta-feira (23), \u00e0s 19h, em Pipa, com a exibi\u00e7\u00e3o de Um Olhar Inquieto: O Cinema de Jorge Bodanzky, no A Fonte Bar. O encontro prop\u00f5e uma imers\u00e3o na obra de um dos principais documentaristas brasileiros, conhecido por transformar a observa\u00e7\u00e3o do cotidiano em narrativas que atravessam temas sociais, pol\u00edticos e culturais do pa\u00eds.<\/p>\n<p><img fetchpriority=\"high\" decoding=\"async\" width=\"1600\" height=\"900\" src=\"https:\/\/www.europesays.com\/pt\/wp-content\/uploads\/2026\/07\/image-26.png\" alt=\"\" class=\"wp-image-174543\" style=\"width:581px;height:auto\"\/>Jorge Bodanzky ontem (22) em Natal | Cr\u00e9ditos: Sebasti\u00e3o Evangelista<\/p>\n<p>J\u00e1 no dia seguinte, 25 de julho, \u00e0s 16h, Bodanzky estar\u00e1 em Siba\u00fama para a abertura da exposi\u00e7\u00e3o Herdeiros de Zumbi \u2013 Um \u00c1lbum de Fam\u00edlia de Siba\u00fama. A mostra re\u00fane mais de 200 fotografias feitas durante a passagem da equipe da revista Realidade pela comunidade, quando o fot\u00f3grafo acompanhou uma reportagem do jornalista potiguar Talvani Guedes. As imagens revelam cenas do cotidiano, rela\u00e7\u00f5es familiares, formas de trabalho e a ocupa\u00e7\u00e3o do territ\u00f3rio quilombola em um per\u00edodo em que pouco se falava sobre essas comunidades no Brasil.<\/p>\n<p>Para Bodanzky, o impulso de fotografar sempre esteve ligado \u00e0 necessidade de registrar experi\u00eancias e preservar hist\u00f3rias. \u201cTenho uma influ\u00eancia humboldtiana, essa curiosidade do viajante, a preocupa\u00e7\u00e3o pelo registro. Gosto de documentar as experi\u00eancias vividas e os fatos observados, transformando as imagens em uma esp\u00e9cie de caderno de notas\u201d, afirma.<\/p>\n<p>Embora a reportagem publicada pela revista Realidade n\u00e3o tenha provocado grande repercuss\u00e3o na \u00e9poca, as fotografias ganharam novos significados ao longo dos anos. Hoje, elas s\u00e3o reconhecidas como um importante testemunho visual da presen\u00e7a hist\u00f3rica da comunidade em seu territ\u00f3rio e contribu\u00edram inclusive para processos de reconhecimento e valoriza\u00e7\u00e3o da mem\u00f3ria quilombola.<\/p>\n<p>O retorno das imagens \u00e0 comunidade tem um significado especial. Parte dos retratos mostra pessoas que ajudaram a construir a hist\u00f3ria local e cujos descendentes ainda vivem em Siba\u00fama. Nos \u00faltimos meses, pesquisadores, estudantes e moradores participaram de um trabalho coletivo para identificar personagens retratados nas fotografias, reconstruindo la\u00e7os familiares e hist\u00f3rias atravessadas pelo tempo.<\/p>\n<p>O reencontro tamb\u00e9m desperta a curiosidade do pr\u00f3prio fot\u00f3grafo. \u201cEstou curioso para ver, principalmente, o que eles v\u00e3o dizer referente ao per\u00edodo das fotos. O que eles v\u00e3o contar. \u00c9 sempre muito bom quando a gente faz um trabalho desse retornar \u00e0 sua origem\u201d, diz.<\/p>\n<p>Al\u00e9m de expor o acervo, Bodanzky pretende registrar em v\u00eddeo as mem\u00f3rias despertadas pelas imagens, ouvindo moradores e familiares das pessoas fotografadas. A ideia \u00e9 reunir novos relatos que possam ampliar a narrativa iniciada h\u00e1 quase 60 anos.<\/p>\n<p>A exposi\u00e7\u00e3o \u00e9 resultado de uma parceria entre a Associa\u00e7\u00e3o de Remanescentes Quilombolas da Praia de Siba\u00fama, o Grupo de Pesquisa Cultura, Identidade e Representa\u00e7\u00f5es Simb\u00f3licas (CIRS\/UFRN) e o Instituto Moreira Salles (IMS), respons\u00e1vel pela preserva\u00e7\u00e3o do acervo fotogr\u00e1fico. Ap\u00f3s a mostra, as imagens dever\u00e3o integrar o futuro Centro de Mem\u00f3ria de Siba\u00fama, fortalecendo a preserva\u00e7\u00e3o do patrim\u00f4nio cultural quilombola da comunidade.<\/p>\n<p>Servi\u00e7o<\/p>\n<p><strong>24 de julho<\/strong><br \/><strong>Um Olhar Inquieto: O Cinema de Jorge Bodanzky<\/strong><br \/>A Fonte Bar \u2013 Praia de Pipa<br \/>9h<\/p>\n<p><strong>25 de julho<\/strong><br \/><strong>Abertura da exposi\u00e7\u00e3o Herdeiros de Zumbi \u2013 Um \u00c1lbum de Fam\u00edlia de Siba\u00fama por Jorge Bodanzky, 1969<\/strong><br \/>Centro Cultural Herdeiros de Zumbi \u2013 Siba\u00fama, Tibau do Sul<br \/>16h<\/p>\n<p><strong>SAIBA MAIS:<\/strong><br \/><a href=\"https:\/\/saibamais.jor.br\/2026\/07\/exposicao-resgata-memoria-quilombola-de-sibauma-com-fotos-de-1968\/\" type=\"link\" id=\"https:\/\/saibamais.jor.br\/2026\/07\/exposicao-resgata-memoria-quilombola-de-sibauma-com-fotos-de-1968\/\" rel=\"nofollow noopener\" target=\"_blank\">Exposi\u00e7\u00e3o resgata mem\u00f3ria quilombola de Siba\u00fama com fotos de 1968<\/a><\/p>\n","protected":false},"excerpt":{"rendered":"No mesmo lugar onde, h\u00e1 quase seis d\u00e9cadas, registrou rostos, hist\u00f3rias e modos de vida de uma comunidade&hellip;\n","protected":false},"author":2,"featured_media":460641,"comment_status":"","ping_status":"","sticky":false,"template":"","format":"standard","meta":{"footnotes":"","_share_on_mastodon":"0"},"categories":[144],"tags":[207,205,206,203,201,202,204,114,115,32,18770,33,10563],"class_list":["post-460640","post","type-post","status-publish","format-standard","has-post-thumbnail","category-arte-e-design","tag-arte","tag-arte-e-design","tag-artedesign","tag-arts","tag-arts-and-design","tag-artsanddesign","tag-design","tag-entertainment","tag-entretenimento","tag-portugal","tag-principais","tag-pt","tag-rn"],"share_on_mastodon":{"url":"https:\/\/pubeurope.com\/@pt\/116974317538723109","error":""},"_links":{"self":[{"href":"https:\/\/www.europesays.com\/pt\/wp-json\/wp\/v2\/posts\/460640","targetHints":{"allow":["GET"]}}],"collection":[{"href":"https:\/\/www.europesays.com\/pt\/wp-json\/wp\/v2\/posts"}],"about":[{"href":"https:\/\/www.europesays.com\/pt\/wp-json\/wp\/v2\/types\/post"}],"author":[{"embeddable":true,"href":"https:\/\/www.europesays.com\/pt\/wp-json\/wp\/v2\/users\/2"}],"replies":[{"embeddable":true,"href":"https:\/\/www.europesays.com\/pt\/wp-json\/wp\/v2\/comments?post=460640"}],"version-history":[{"count":0,"href":"https:\/\/www.europesays.com\/pt\/wp-json\/wp\/v2\/posts\/460640\/revisions"}],"wp:featuredmedia":[{"embeddable":true,"href":"https:\/\/www.europesays.com\/pt\/wp-json\/wp\/v2\/media\/460641"}],"wp:attachment":[{"href":"https:\/\/www.europesays.com\/pt\/wp-json\/wp\/v2\/media?parent=460640"}],"wp:term":[{"taxonomy":"category","embeddable":true,"href":"https:\/\/www.europesays.com\/pt\/wp-json\/wp\/v2\/categories?post=460640"},{"taxonomy":"post_tag","embeddable":true,"href":"https:\/\/www.europesays.com\/pt\/wp-json\/wp\/v2\/tags?post=460640"}],"curies":[{"name":"wp","href":"https:\/\/api.w.org\/{rel}","templated":true}]}}