{"id":460763,"date":"2026-07-24T11:52:17","date_gmt":"2026-07-24T11:52:17","guid":{"rendered":"https:\/\/www.europesays.com\/pt\/460763\/"},"modified":"2026-07-24T11:52:17","modified_gmt":"2026-07-24T11:52:17","slug":"a-philips-lancou-o-ferrari-das-escovas-de-dentes-sera-a-mais-cara-de-sempre","status":"publish","type":"post","link":"https:\/\/www.europesays.com\/pt\/460763\/","title":{"rendered":"A Philips lan\u00e7ou o Ferrari das escovas de dentes: ser\u00e1 a mais cara de sempre?"},"content":{"rendered":"<p>A Philips anunciou a sua nova escova de dentes el\u00e9trica, equipada com um modelo de Intelig\u00eancia Artificial (IA) de terceira gera\u00e7\u00e3o que analisa em tempo real a forma como se escova os dentes, mostrando, num ecr\u00e3 t\u00e1til, as zonas da boca que ainda precisam de aten\u00e7\u00e3o.<\/p>\n<p><a target=\"_blank\" href=\"https:\/\/pplware.sapo.pt\/wp-content\/uploads\/2026\/07\/philips-next-gen-diamond-clean-9900-prestige-escova-de-dentes01.jpg\" onclick=\"refreshIframe()\" class=\"foobox\" rel=\"nofollow noopener\"><img fetchpriority=\"high\" decoding=\"async\" src=\"https:\/\/www.europesays.com\/pt\/wp-content\/uploads\/2026\/07\/philips-next-gen-diamond-clean-9900-prestige-escova-de-dentes01-720x405.jpg\" alt=\"Philips Next-Generation DiamondClean 9900 Prestige\" width=\"720\" height=\"405\" class=\"aligncenter size-medium wp-image-1131594\"  \/><\/a>\n<\/p>\n<p>Uma escova que corrige a t\u00e9cnica em tempo real<\/p>\n<p>Escovar os dentes parece uma tarefa simples, mas a verdade \u00e9 que quase ningu\u00e9m o faz de forma perfeita. \u00c9 esse o problema que a Philips quer resolver com a <strong>nova gera\u00e7\u00e3o da linha Sonicare<\/strong>, <a target=\"_blank\" href=\"https:\/\/www.philips.com\/a-w\/about\/news\/archive\/standard\/news\/press\/2026\/philips-sonicare-sets-new-benchmark-in-oral-healthcare-with-brands-first-electric-toothbrush-powered-by-on-device-ai.html\" rel=\"nofollow noopener\">apresentada este m\u00eas<\/a>.<\/p>\n<p>A Next-Generation DiamondClean 9900 Prestige <strong>integra um modelo de IA<\/strong> processado diretamente no dispositivo, que acompanha os movimentos da escova enquanto \u00e9 usada.<\/p>\n<p>Um anel luminoso na base muda de cor consoante a forma como se est\u00e1 a escovar, <strong>alertando de imediato se o utilizador estiver a fazer demasiada press\u00e3o<\/strong> sobre os dentes e gengivas.<\/p>\n<p><a target=\"_blank\" href=\"https:\/\/pplware.sapo.pt\/wp-content\/uploads\/2026\/07\/philips-next-gen-diamond-clean-9900-prestige-escova-de-dentes03.jpg\" onclick=\"refreshIframe()\" class=\"foobox\" rel=\"nofollow noopener\"><img loading=\"lazy\" decoding=\"async\" src=\"https:\/\/www.europesays.com\/pt\/wp-content\/uploads\/2026\/07\/philips-next-gen-diamond-clean-9900-prestige-escova-de-dentes03-720x405.jpg\" alt=\"Philips Next-Generation DiamondClean 9900 Prestige\" width=\"720\" height=\"405\" class=\"aligncenter size-medium wp-image-1131596\"  \/><\/a><\/p>\n<p>O &#8220;mapa da boca&#8221; que denuncia o que ficou por escovar<\/p>\n<p>A grande novidade est\u00e1 no <strong>ecr\u00e3 t\u00e1til incorporado<\/strong> no cabo da escova. Al\u00e9m de permitir alternar entre <strong>oito modos de limpeza<\/strong>, como cuidado das gengivas, limpeza m\u00e1xima ou modo sens\u00edvel, este ecr\u00e3 apresenta, no final da escovagem, um verdadeiro <strong>mapa da boca<\/strong>.<\/p>\n<p>A imagem divide a <strong>denti\u00e7\u00e3o em 12 segmentos<\/strong>, pintados a azul ou laranja consoante a efic\u00e1cia da escovagem em cada zona. As \u00e1reas marcadas a laranja s\u00e3o aquelas onde o sistema detetou que o utilizador <strong>passou pouco tempo ou fez pouca press\u00e3o<\/strong>, um sinal que motiva uma segunda passagem.<\/p>\n<p>A escova conta ainda com <strong>sensores de press\u00e3o<\/strong> que ajustam automaticamente a intensidade das cerdas quando deteta que se est\u00e1 a pressionar demasiado, protegendo as gengivas de danos causados por escovagem agressiva.<\/p>\n<p><a target=\"_blank\" href=\"https:\/\/pplware.sapo.pt\/wp-content\/uploads\/2026\/07\/philips-next-gen-diamond-clean-9900-prestige-escova-de-dentes02.jpg\" onclick=\"refreshIframe()\" class=\"foobox\" rel=\"nofollow noopener\"><img loading=\"lazy\" decoding=\"async\" src=\"https:\/\/www.europesays.com\/pt\/wp-content\/uploads\/2026\/07\/philips-next-gen-diamond-clean-9900-prestige-escova-de-dentes02-720x405.jpg\" alt=\"Philips Next-Generation DiamondClean 9900 Prestige\" width=\"720\" height=\"405\" class=\"aligncenter size-medium wp-image-1131595\"  \/><\/a><\/p>\n<p>O Ferrari das escovas de dentes<\/p>\n<p>Entre o <strong>mapeamento da boca em tempo real e o ajuste autom\u00e1tico de press\u00e3o<\/strong>, a Philips est\u00e1 claramente a apostar na IA para transformar um h\u00e1bito do quotidiano numa rotina mais precisa.<\/p>\n<p>Com a chegada a alguns <strong>retalhistas norte-americanos e europeus prevista para o outono<\/strong>, bem como expans\u00e3o para outros pa\u00edses apontada para mais tarde, esta escova de dentes n\u00e3o ser\u00e1 acess\u00edvel a todas as carteiras.<\/p>\n<p>Apesar de a Philips ainda n\u00e3o ter revelado o pre\u00e7o oficial da nova gera\u00e7\u00e3o da escova el\u00e9trica, a <a target=\"_blank\" href=\"https:\/\/link.amazon\/B0239HBs1\" rel=\"nofollow noopener\">atual DiamondClean Prestige 9900<\/a>, sem ecr\u00e3 t\u00e1til nem mapa da boca, j\u00e1 <strong>ronda os 350 euros<\/strong> nos principais retalhistas, em Portugal.<\/p>\n","protected":false},"excerpt":{"rendered":"A Philips anunciou a sua nova escova de dentes el\u00e9trica, equipada com um modelo de Intelig\u00eancia Artificial (IA)&hellip;\n","protected":false},"author":2,"featured_media":460764,"comment_status":"","ping_status":"","sticky":false,"template":"","format":"standard","meta":{"footnotes":"","_share_on_mastodon":"0"},"categories":[83],"tags":[88,89,90,73932,32760,32,33],"class_list":["post-460763","post","type-post","status-publish","format-standard","has-post-thumbnail","category-empresas","tag-business","tag-economy","tag-empresas","tag-escova-de-dentes","tag-philips","tag-portugal","tag-pt"],"share_on_mastodon":{"url":"https:\/\/pubeurope.com\/@pt\/116974816865747470","error":""},"_links":{"self":[{"href":"https:\/\/www.europesays.com\/pt\/wp-json\/wp\/v2\/posts\/460763","targetHints":{"allow":["GET"]}}],"collection":[{"href":"https:\/\/www.europesays.com\/pt\/wp-json\/wp\/v2\/posts"}],"about":[{"href":"https:\/\/www.europesays.com\/pt\/wp-json\/wp\/v2\/types\/post"}],"author":[{"embeddable":true,"href":"https:\/\/www.europesays.com\/pt\/wp-json\/wp\/v2\/users\/2"}],"replies":[{"embeddable":true,"href":"https:\/\/www.europesays.com\/pt\/wp-json\/wp\/v2\/comments?post=460763"}],"version-history":[{"count":0,"href":"https:\/\/www.europesays.com\/pt\/wp-json\/wp\/v2\/posts\/460763\/revisions"}],"wp:featuredmedia":[{"embeddable":true,"href":"https:\/\/www.europesays.com\/pt\/wp-json\/wp\/v2\/media\/460764"}],"wp:attachment":[{"href":"https:\/\/www.europesays.com\/pt\/wp-json\/wp\/v2\/media?parent=460763"}],"wp:term":[{"taxonomy":"category","embeddable":true,"href":"https:\/\/www.europesays.com\/pt\/wp-json\/wp\/v2\/categories?post=460763"},{"taxonomy":"post_tag","embeddable":true,"href":"https:\/\/www.europesays.com\/pt\/wp-json\/wp\/v2\/tags?post=460763"}],"curies":[{"name":"wp","href":"https:\/\/api.w.org\/{rel}","templated":true}]}}