{"id":460789,"date":"2026-07-24T12:20:37","date_gmt":"2026-07-24T12:20:37","guid":{"rendered":"https:\/\/www.europesays.com\/pt\/460789\/"},"modified":"2026-07-24T12:20:37","modified_gmt":"2026-07-24T12:20:37","slug":"nos-lucra-mais-19-ate-junho-mas-receitas-com-telecomunicacoes-diminuem-eco","status":"publish","type":"post","link":"https:\/\/www.europesays.com\/pt\/460789\/","title":{"rendered":"Nos lucra mais 19% at\u00e9 junho, mas receitas com telecomunica\u00e7\u00f5es diminuem &#8211; ECO"},"content":{"rendered":"<ol>\n<li><a href=\"https:\/\/news.google.com\/rss\/articles\/CBMipAFBVV95cUxPamZBYnJvcGFfZGVXc2x2M0p4UkdOMkVGa00tZkNiUWFQYm1aU3JTYndIbzRrdkc2Qk5kRVoybzBza05ZNnlqRFJqbHdGVTlsdmZJS3ZIdHNDdE5fbURMaXpWZ1NsVXlOV2RNdTBLX2tNZkQ2TVRxc1dfcXRTNzBxaVJ4bXdJVEhoZ050WjBfWUZBQ1UzTVJ2eW5ENFFNS2NzX2ZNRw?oc=5\" target=\"_blank\" rel=\"nofollow noopener\">Nos lucra mais 19% at\u00e9 junho, mas receitas com telecomunica\u00e7\u00f5es diminuem<\/a>&nbsp;&nbsp;ECO<\/li>\n<li><a href=\"https:\/\/news.google.com\/rss\/articles\/CBMimgFBVV95cUxPVmxndkwtYTJSbWtpU3MxRXNUMHMwLUdlTjFDNlZpSTItNjVQalRyVENTNVAtd1RNM3BjTXUwWFhSNnNETW9lNGVjbDF0dUQ4MjJGalkxRjhWSzZCa2JyYWNrUlVLY0gtZ2wxdkE4MHlBUm1DWWt1RGVLaGN4OThWS3BPbmlIWW1OcVlSdnI4bWVSRDVaOTQ4eXRn?oc=5\" target=\"_blank\" rel=\"nofollow noopener\">Lucro da NOS sobe 13,7% no 1.\u00ba semestre para 128 ME<\/a>&nbsp;&nbsp;RTP<\/li>\n<li><a href=\"https:\/\/news.google.com\/rss\/articles\/CBMi5wFBVV95cUxPMFhqMTFGVXItTVE1RkZMTnkxZDUyRGdJbDdCdER4ODdxdkprLUtQcHQ5YXc3eXRVWWJ2YjlGUVE4R2VQb3hnQVVGMWRYdEp1RkY3Vm1jY0kzd0lOLWM1LWFTbjVGOEkyRktEb2NfQklfUVh6VHYtdC15bUh2Q29Zd05feWlndFN3TUNvQkFXMW82TFpiVGR4R2RRN1pWRWhqV2tnVmwyQ09oMnNZbWNaU2hsSURKcW1kMy0yN2RQb1BkSllDTnlSaktrR0xpSE1CNEJwZjNkRmZBY2F5SmcwZkdfUjZSR0U?oc=5\" target=\"_blank\" rel=\"nofollow noopener\">Mais tecnologia e clientes impulsionam contas. Nos v\u00ea lucro subir 13,7% para 128 milh\u00f5es<\/a>&nbsp;&nbsp;Jornal de Neg\u00f3cios<\/li>\n<li><a href=\"https:\/\/news.google.com\/rss\/articles\/CBMisAFBVV95cUxOX0c5WUJTLU5qbmY2WHY2OVBsNjZENmhHVEpkTUFzNHNJNnYxNkFEQmFIeDRhNDdFUGw0a0NkSGVwanFVbWhxd3Budm5XRExQRVJ1LVltTjA2dXVvT0NvaXl2bDdaQlZ5V0F4dGtSVEJSSmZ0SXdVQ2NNNmRDeHZjRV9hNU9oZnpkSnVDb0Q2dHpUMVRvUVNuNzJBbGI2NHFVQ2FqVW90c1NnU3RmeUtOUQ?oc=5\" target=\"_blank\" rel=\"nofollow noopener\">NOS com lucros de 128,1 milh\u00f5es de euros no primeiro semestre, mais 13,7%<\/a>&nbsp;&nbsp;Jornal Econ\u00f3mico<\/li>\n<li><a href=\"https:\/\/news.google.com\/rss\/articles\/CBMiuAFBVV95cUxPemZJeXdOOUp6ZmV2QXdMMlRiaU1RZHlBQ3FOdmtzR19qMEUyUkpSTmdIM3g3bWRTZ1BrODdqQXNoV01KZEdKRnU3NzVJbmNHcVZ1VGxKQ09RTkVpYzVNTjRPZVQ3blBkTHEzUUoxcXpneTFSUHZDSVdMQUJDV2VaQjRxVG16RnhYX0x5dEdUcTk5SEJJVDZUOHluZEcxTDlJSWx0Yk5QYzRROGx3SU54dEdLRXRVcFdn?oc=5\" target=\"_blank\" rel=\"nofollow noopener\">Lucro da NOS sobe 13,7% no primeiro semestre para 128 milh\u00f5es de euros<\/a>&nbsp;&nbsp;SAPO<\/li>\n<\/ol>\n","protected":false},"excerpt":{"rendered":"Nos lucra mais 19% at\u00e9 junho, mas receitas com telecomunica\u00e7\u00f5es diminuem&nbsp;&nbsp;ECO Lucro da NOS sobe 13,7% no 1.\u00ba&hellip;\n","protected":false},"author":2,"featured_media":460790,"comment_status":"","ping_status":"","sticky":false,"template":"","format":"standard","meta":{"footnotes":"","_share_on_mastodon":"0"},"categories":[83],"tags":[88,89,90,97,32,33,8649],"class_list":["post-460789","post","type-post","status-publish","format-standard","has-post-thumbnail","category-empresas","tag-business","tag-economy","tag-empresas","tag-mercados","tag-portugal","tag-pt","tag-telecomunicacoes"],"share_on_mastodon":{"url":"https:\/\/pubeurope.com\/@pt\/116974926174234923","error":""},"_links":{"self":[{"href":"https:\/\/www.europesays.com\/pt\/wp-json\/wp\/v2\/posts\/460789","targetHints":{"allow":["GET"]}}],"collection":[{"href":"https:\/\/www.europesays.com\/pt\/wp-json\/wp\/v2\/posts"}],"about":[{"href":"https:\/\/www.europesays.com\/pt\/wp-json\/wp\/v2\/types\/post"}],"author":[{"embeddable":true,"href":"https:\/\/www.europesays.com\/pt\/wp-json\/wp\/v2\/users\/2"}],"replies":[{"embeddable":true,"href":"https:\/\/www.europesays.com\/pt\/wp-json\/wp\/v2\/comments?post=460789"}],"version-history":[{"count":0,"href":"https:\/\/www.europesays.com\/pt\/wp-json\/wp\/v2\/posts\/460789\/revisions"}],"wp:featuredmedia":[{"embeddable":true,"href":"https:\/\/www.europesays.com\/pt\/wp-json\/wp\/v2\/media\/460790"}],"wp:attachment":[{"href":"https:\/\/www.europesays.com\/pt\/wp-json\/wp\/v2\/media?parent=460789"}],"wp:term":[{"taxonomy":"category","embeddable":true,"href":"https:\/\/www.europesays.com\/pt\/wp-json\/wp\/v2\/categories?post=460789"},{"taxonomy":"post_tag","embeddable":true,"href":"https:\/\/www.europesays.com\/pt\/wp-json\/wp\/v2\/tags?post=460789"}],"curies":[{"name":"wp","href":"https:\/\/api.w.org\/{rel}","templated":true}]}}