{"id":461200,"date":"2026-07-24T19:11:45","date_gmt":"2026-07-24T19:11:45","guid":{"rendered":"https:\/\/www.europesays.com\/pt\/461200\/"},"modified":"2026-07-24T19:11:45","modified_gmt":"2026-07-24T19:11:45","slug":"aos-85-anos-roberto-carlos-passara-por-cirurgia-na-vesicula","status":"publish","type":"post","link":"https:\/\/www.europesays.com\/pt\/461200\/","title":{"rendered":"Aos 85 anos, Roberto Carlos passar\u00e1 por cirurgia na ves\u00edcula"},"content":{"rendered":"<p><img decoding=\"async\" fetchpriority=\"high\" src=\"https:\/\/www.europesays.com\/pt\/wp-content\/uploads\/2026\/07\/bnlsku7dheh6n6rgjna0dv28k.jpg\" width=\"906\" height=\"509\" alt=\"Roberto Carlos comemora 65 anos de seu primeiro disco\" title=\"Roberto Carlos comemora 65 anos de seu primeiro disco\"\/>Reprodu\u00e7\u00e3o\/Instagram\/robertocarlosoficial<\/p>\n<p>Roberto Carlos comemora 65 anos de seu primeiro disco<\/p>\n<p><strong>Roberto Carlos<\/strong>, de 85 anos, ser\u00e1 submetido a uma <strong>cirurgia de ves\u00edcula<\/strong> por videolaparoscopia. A informa\u00e7\u00e3o foi divulgada pela equipe do cantor por meio das redes sociais. Segundo a nota, o <strong>procedimento<\/strong> j\u00e1 estava previamente programado.<\/p>\n<p>No comunicado, a assessoria de imprensa afirmou que o m\u00fasico est\u00e1 tranquilo e seguindo todas as <strong>orienta\u00e7\u00f5es m\u00e9dicas<\/strong>. Ainda segundo a nota, a recupera\u00e7\u00e3o deve ser r\u00e1pida e n\u00e3o interferir\u00e1 na <strong>agenda de shows<\/strong> do cantor.<\/p>\n<p>Por fim, a equipe de <strong>Roberto Carlos<\/strong> agradeceu as mensagens de carinho enviadas pelos f\u00e3s. Confira a nota completa abaixo:<\/p>\n<p>&#8220;Comunicamos que o artista Roberto Carlos ser\u00e1 submetido a uma cirurgia de ves\u00edcula por videolaparoscopia, previamente programada. Roberto Carlos est\u00e1 tranquilo e seguindo todas as orienta\u00e7\u00f5es m\u00e9dicas. A recupera\u00e7\u00e3o \u00e9 r\u00e1pida, n\u00e3o interferindo na agenda de shows j\u00e1 programada. <strong>Agradecemos a todos pelas manifesta\u00e7\u00f5es de carinho<\/strong>.&#8221;<\/p>\n<p>F\u00e3s prestam apoio\u00a0<\/p>\n<p>Nos coment\u00e1rios da postagem, publicada nas redes sociais de <a href=\"https:\/\/gente.ig.com.br\/celebridades\/2024-02-02\/roberto-carlos-aparicao-rara-neta-surpreende-web-veja.html\" data-mce-href=\"https:\/\/gente.ig.com.br\/celebridades\/2024-02-02\/roberto-carlos-aparicao-rara-neta-surpreende-web-veja.html\" data-mce- rel=\"nofollow noopener\" target=\"_blank\">Roberto Carlos<\/a>, internautas deixaram mensagens de apoio e desejaram uma boa recupera\u00e7\u00e3o.<\/p>\n<p>&#8220;Estamos todos em ora\u00e7\u00e3o e com pensamentos positivos por voc\u00ea, nosso Rei. Que d\u00ea tudo certo na sua cirurgia e que voc\u00ea se recupere logo. Te amamos muito&#8221;, escreveu um internauta.<\/p>\n<p>&#8220;Tudo dar\u00e1 certo! Logo o nosso Rei voltar\u00e1 aos seus shows! Receba nossas energias e ora\u00e7\u00f5es! Deus no comando&#8221;, declarou outra.<\/p>\n<p>&#8220;J\u00e1 deu tudo certo, em nome de Jesus, meu Robertinho. Jesus te aben\u00e7oe&#8221;, disse uma terceira internauta.<\/p>\n<p>&#8220;Em ora\u00e7\u00e3o pela pronta recupera\u00e7\u00e3o do nosso Rei!&#8221;, desejou um quarto usu\u00e1rio do Instagram.<\/p>\n<p>Entenda o procedimento<\/p>\n<p>A\u00a0 <a href=\"https:\/\/dino.ig.com.br\/2026-05-19\/hospital-no-interior-do-pa-faz-primeira-videolaparoscopia.html\" data-mce-href=\"https:\/\/dino.ig.com.br\/2026-05-19\/hospital-no-interior-do-pa-faz-primeira-videolaparoscopia.html\" data-mce- rel=\"nofollow noopener\" target=\"_blank\">videolaparoscopia<\/a> \u00e9 uma t\u00e9cnica minimamente invasiva, realizada por meio de pequenas incis\u00f5es, o que costuma proporcionar uma recupera\u00e7\u00e3o mais r\u00e1pida, comparada \u00e0 cirurgias abertas.<\/p>\n<p>No caso da <strong>ves\u00edcula<\/strong>, o procedimento \u00e9 considerado padr\u00e3o na colecistectomia, que consiste na retirada da ves\u00edcula biliar, mas tamb\u00e9m pode ser utilizado para fazer a remo\u00e7\u00e3o de c\u00e1lculos.\u00a0<\/p>\n<p>Para realizar a cirurgia por meio da videolaparoscopia, o m\u00e9dico utiliza uma pequena c\u00e2mera e faz pequenos furos no abd\u00f4men do paciente para isolar e, se necess\u00e1rio, extrair a ves\u00edcula.\u00a0<\/p>\n<p>No comunicado, a equipe do cantor n\u00e3o esclareceu por qual motivo\u00a0 <a href=\"https:\/\/gente.ig.com.br\/colunas\/james-akel\/2025-12-24\/porque-roberto-carlos-continua-o-rei.html\" data-mce-href=\"https:\/\/gente.ig.com.br\/colunas\/james-akel\/2025-12-24\/porque-roberto-carlos-continua-o-rei.html\" data-mce- rel=\"nofollow noopener\" target=\"_blank\">Roberto Carlos<\/a> deve passar pelo procedimento. A alta hospitalar costuma ocorrer no mesmo dia ou, no m\u00e1ximo, um dia ap\u00f3s a realiza\u00e7\u00e3o da cirurgia.<\/p>\n","protected":false},"excerpt":{"rendered":"Reprodu\u00e7\u00e3o\/Instagram\/robertocarlosoficial Roberto Carlos comemora 65 anos de seu primeiro disco Roberto Carlos, de 85 anos, ser\u00e1 submetido a&hellip;\n","protected":false},"author":2,"featured_media":461201,"comment_status":"","ping_status":"","sticky":false,"template":"","format":"standard","meta":{"footnotes":"","_share_on_mastodon":"0"},"categories":[145],"tags":[211,210,74007,114,115,980,32,33,74005,3976,74006,117,74004,13805],"class_list":["post-461200","post","type-post","status-publish","format-standard","has-post-thumbnail","category-celebridades","tag-celebridades","tag-celebrities","tag-cirurgia-na-vesicula","tag-entertainment","tag-entretenimento","tag-famosos","tag-portugal","tag-pt","tag-qual-e-a-cirurgia-do-roberto-carlos","tag-roberto-carlos","tag-roberto-carlos-internado","tag-saude","tag-vesicula","tag-videolaparoscopia"],"share_on_mastodon":{"url":"https:\/\/pubeurope.com\/@pt\/116976543126552073","error":""},"_links":{"self":[{"href":"https:\/\/www.europesays.com\/pt\/wp-json\/wp\/v2\/posts\/461200","targetHints":{"allow":["GET"]}}],"collection":[{"href":"https:\/\/www.europesays.com\/pt\/wp-json\/wp\/v2\/posts"}],"about":[{"href":"https:\/\/www.europesays.com\/pt\/wp-json\/wp\/v2\/types\/post"}],"author":[{"embeddable":true,"href":"https:\/\/www.europesays.com\/pt\/wp-json\/wp\/v2\/users\/2"}],"replies":[{"embeddable":true,"href":"https:\/\/www.europesays.com\/pt\/wp-json\/wp\/v2\/comments?post=461200"}],"version-history":[{"count":0,"href":"https:\/\/www.europesays.com\/pt\/wp-json\/wp\/v2\/posts\/461200\/revisions"}],"wp:featuredmedia":[{"embeddable":true,"href":"https:\/\/www.europesays.com\/pt\/wp-json\/wp\/v2\/media\/461201"}],"wp:attachment":[{"href":"https:\/\/www.europesays.com\/pt\/wp-json\/wp\/v2\/media?parent=461200"}],"wp:term":[{"taxonomy":"category","embeddable":true,"href":"https:\/\/www.europesays.com\/pt\/wp-json\/wp\/v2\/categories?post=461200"},{"taxonomy":"post_tag","embeddable":true,"href":"https:\/\/www.europesays.com\/pt\/wp-json\/wp\/v2\/tags?post=461200"}],"curies":[{"name":"wp","href":"https:\/\/api.w.org\/{rel}","templated":true}]}}