{"id":46123,"date":"2025-08-26T17:06:32","date_gmt":"2025-08-26T17:06:32","guid":{"rendered":"https:\/\/www.europesays.com\/pt\/46123\/"},"modified":"2025-08-26T17:06:32","modified_gmt":"2025-08-26T17:06:32","slug":"novo-exame-pcr-hpv-e-implementado-no-sus-para-deteccao-precoce-record","status":"publish","type":"post","link":"https:\/\/www.europesays.com\/pt\/46123\/","title":{"rendered":"Novo exame PCR HPV \u00e9 implementado no SUS para detec\u00e7\u00e3o precoce \u2013 Record"},"content":{"rendered":"<p>Dispon\u00edvel em 12 estados, tecnologia nacional identifica o v\u00edrus antes da doen\u00e7a<\/p>\n<p class=\"article-text-xxxs article-text-neutral-low-500 dark:article-text-neutral-high-400\"><a href=\"https:\/\/record.r7.com\/fala-brasil\" title=\"Fala Brasil\" class=\"article-editorial-text article-font-semibold article-uppercase dark:!article-text-neutral-high-400\" rel=\"nofollow noopener\" target=\"_blank\">Fala Brasil<\/a>|Ri7a, a intelig\u00eancia artificial do R7<\/p>\n<p class=\"article-uppercase article-text-little article-text-age-rating-18anos-500 dark:article-text-neutral-high-400\">26\/08\/2025 &#8211; 12h15 (Atualizado em 26\/08\/2025 &#8211; 12h15)<\/p>\n<p>LEIA AQUI O RESUMO DA NOT\u00cdCIA<\/p>\n<ul class=\"b-article-body-custom-embed-brief-news__list\" style=\"margin: 0; padding-left: 20px; list-style-type: disc;\">\n<li>O SUS introduz o exame PCR HPV, desenvolvido no Brasil, para identificar precocemente o c\u00e2ncer de colo de \u00fatero.<\/li>\n<li>A tecnologia est\u00e1 dispon\u00edvel em 12 estados e visa melhorar a detec\u00e7\u00e3o do v\u00edrus antes do aparecimento de doen\u00e7as.<\/li>\n<li>A esteticista Escalete compartilha sua experi\u00eancia com uma les\u00e3o pr\u00e9-cancerosa e busca apoiar outras mulheres atrav\u00e9s de seu canal online.<\/li>\n<li>O exame PCR HPV \u00e9 mais preciso que o Papanicolau e deve ser realizado a cada cinco anos, complementando as medidas preventivas como a vacina\u00e7\u00e3o.<\/li>\n<\/ul>\n<p style=\"font-size: 0.8em; font-style: italic; text-align: right; margin-top: 15px; padding-bottom: 5px; margin-bottom: 0;\">\u00a0<\/p>\n<p><img decoding=\"async\" data-chromatic=\"ignore\" alt=\"Boa Not&#xED;cia: SUS implementa tecnologia para detec&#xE7;&#xE3;o do c&#xE2;ncer de colo de &#xFA;tero\" class=\"c-image\" loading=\"lazy\" src=\"https:\/\/www.europesays.com\/pt\/wp-content\/uploads\/2025\/08\/JP6AYJL27ZCY3JZWX7PPSZQXEY.jpg\"  width=\"960\" height=\"540\"\/>Boa Not\u00edcia: SUS implementa tecnologia para detec\u00e7\u00e3o do c\u00e2ncer de colo de \u00fatero <\/p>\n<p class=\"dark:base-text-neutral-high-400 base-text-[calc(theme(fontSize.xs)_*_var(--font-size,_1))] base-font-normal base-font-primary base-text-neutral-low-500 base-text-left\">O Sistema \u00danico de <a href=\"https:\/\/www.r7.com\/tudo-sobre\/saude\/\" rel=\"nofollow noopener\" target=\"_blank\">Sa\u00fade<\/a> come\u00e7ou a oferecer uma nova t\u00e9cnica para identificar o <a href=\"https:\/\/www.r7.com\/tudo-sobre\/cancer\/\" rel=\"nofollow noopener\" target=\"_blank\">c\u00e2ncer<\/a> de colo de \u00fatero. Denominado PCR <a href=\"https:\/\/www.r7.com\/tudo-sobre\/hpv\/\" rel=\"nofollow noopener\" target=\"_blank\">HPV<\/a>, esse exame \u00e9 totalmente desenvolvido no Brasil e pode identificar o v\u00edrus antes que doen\u00e7as ou altera\u00e7\u00f5es celulares se manifestem. Inicialmente, a tecnologia est\u00e1 dispon\u00edvel em 12 estados do pa\u00eds e \u00e9 parte de uma estrat\u00e9gia para melhorar a detec\u00e7\u00e3o precoce da doen\u00e7a.<\/p>\n<p class=\"dark:base-text-neutral-high-400 base-text-[calc(theme(fontSize.xs)_*_var(--font-size,_1))] base-font-normal base-font-primary base-text-neutral-low-500 base-text-left\">O HPV, principal causador do c\u00e2ncer de colo de \u00fatero, \u00e9 alarmante, pois mais da metade da popula\u00e7\u00e3o feminina no Brasil j\u00e1 teve contato com o v\u00edrus, de acordo com o Minist\u00e9rio da Sa\u00fade. O PCR HPV \u00e9 mais preciso na detec\u00e7\u00e3o do v\u00edrus, sendo indicado pelo Minist\u00e9rio para realiza\u00e7\u00e3o a cada cinco anos, diferente do Papanicolau, que deve ser feito a cada dois ou tr\u00eas anos.<\/p>\n<p class=\"dark:base-text-neutral-high-400 base-text-[calc(theme(fontSize.xs)_*_var(--font-size,_1))] base-font-normal base-font-primary base-text-neutral-low-500 base-text-left\">A implementa\u00e7\u00e3o dessa tecnologia promete ampliar a abrang\u00eancia do diagn\u00f3stico e tratamento precoce, contribuindo para a redu\u00e7\u00e3o do n\u00famero de mortes por essa doen\u00e7a totalmente trat\u00e1vel. Al\u00e9m disso, as medidas preventivas, como vacina\u00e7\u00e3o contra o HPV e o uso de preservativos, continuam sendo fundamentais na luta contra o c\u00e2ncer de colo de \u00fatero.<\/p>\n<p>Perguntas e Respostas<\/p>\n<p class=\"dark:base-text-neutral-high-400 base-text-[calc(theme(fontSize.xs)_*_var(--font-size,_1))] base-font-normal base-font-primary base-text-neutral-low-500 base-text-left\"><b>O que \u00e9 o novo exame PCR HPV implementado no SUS?<\/b><\/p>\n<p class=\"dark:base-text-neutral-high-400 base-text-[calc(theme(fontSize.xs)_*_var(--font-size,_1))] base-font-normal base-font-primary base-text-neutral-low-500 base-text-left\">O PCR HPV \u00e9 uma nova t\u00e9cnica para identificar o c\u00e2ncer de colo de \u00fatero, desenvolvida no Brasil, que pode detectar o v\u00edrus HPV antes que doen\u00e7as ou altera\u00e7\u00f5es celulares se manifestem.<\/p>\n<p class=\"dark:base-text-neutral-high-400 base-text-[calc(theme(fontSize.xs)_*_var(--font-size,_1))] base-font-normal base-font-primary base-text-neutral-low-500 base-text-left\"><b>Em quantos estados o PCR HPV est\u00e1 dispon\u00edvel?<\/b><\/p>\n<p class=\"dark:base-text-neutral-high-400 base-text-[calc(theme(fontSize.xs)_*_var(--font-size,_1))] base-font-normal base-font-primary base-text-neutral-low-500 base-text-left\">O exame est\u00e1 inicialmente dispon\u00edvel em 12 estados do Brasil.<\/p>\n<p class=\"dark:base-text-neutral-high-400 base-text-[calc(theme(fontSize.xs)_*_var(--font-size,_1))] base-font-normal base-font-primary base-text-neutral-low-500 base-text-left\"><b>Qual \u00e9 a recomenda\u00e7\u00e3o do Minist\u00e9rio da Sa\u00fade sobre a realiza\u00e7\u00e3o do PCR HPV?<\/b><\/p>\n<p class=\"dark:base-text-neutral-high-400 base-text-[calc(theme(fontSize.xs)_*_var(--font-size,_1))] base-font-normal base-font-primary base-text-neutral-low-500 base-text-left\">O Minist\u00e9rio da Sa\u00fade recomenda que o exame PCR HPV seja realizado a cada cinco anos, ao contr\u00e1rio do Papanicolau, que deve ser feito a cada dois ou tr\u00eas anos.<\/p>\n<p class=\"dark:base-text-neutral-high-400 base-text-[calc(theme(fontSize.xs)_*_var(--font-size,_1))] base-font-normal base-font-primary base-text-neutral-low-500 base-text-left\"><b>Como a nova tecnologia pode impactar o diagn\u00f3stico de c\u00e2ncer de colo de \u00fatero?<\/b><\/p>\n<p class=\"dark:base-text-neutral-high-400 base-text-[calc(theme(fontSize.xs)_*_var(--font-size,_1))] base-font-normal base-font-primary base-text-neutral-low-500 base-text-left\">A implementa\u00e7\u00e3o da tecnologia PCR HPV promete ampliar a abrang\u00eancia do diagn\u00f3stico e tratamento precoce, contribuindo para a redu\u00e7\u00e3o do n\u00famero de mortes pela doen\u00e7a, que \u00e9 totalmente trat\u00e1vel.<\/p>\n<p class=\"dark:base-text-neutral-high-400 base-text-[calc(theme(fontSize.xs)_*_var(--font-size,_1))] base-font-normal base-font-primary base-text-neutral-low-500 base-text-left\">Assista ao v\u00eddeo &#8211; <a href=\"https:\/\/record.r7.com\/\/fala-brasil\/video\/boa-noticia-sus-implementa-tecnologia-para-deteccao-do-cancer-de-colo-de-utero-26082025\/\" rel=\"nofollow noopener\" target=\"_blank\"><b>Boa Not\u00edcia: SUS implementa tecnologia para detec\u00e7\u00e3o do c\u00e2ncer de colo de \u00fatero<\/b><\/a><\/p>\n<p>Veja tamb\u00e9m<\/p>\n<p>\u200c<\/p>\n<p class=\"dark:base-text-neutral-high-400 base-text-xs base-font-normal base-font-primary base-text-neutral-low-500 playlist-description\">O exame PCR HPV, uma inova\u00e7\u00e3o nacional, detecta a presen\u00e7a do v\u00edrus antes do surgimento da doen\u00e7a<\/p>\n<p class=\"dark:base-text-neutral-high-400 base-text-[calc(theme(fontSize.xs)_*_var(--font-size,_1))] base-font-normal base-font-primary base-text-neutral-low-500 base-text-left\"><b>O PlayPlus agora \u00e9 RecordPlus: mais conte\u00fado da RECORD para voc\u00ea, ao vivo e de gra\u00e7a. Baixe o app <\/b><a href=\"https:\/\/descubra.recordplus.com\/\" rel=\"nofollow noopener\" target=\"_blank\"><b>aqui!<\/b><\/a><\/p>\n","protected":false},"excerpt":{"rendered":"Dispon\u00edvel em 12 estados, tecnologia nacional identifica o v\u00edrus antes da doen\u00e7a Fala Brasil|Ri7a, a intelig\u00eancia artificial do&hellip;\n","protected":false},"author":2,"featured_media":46124,"comment_status":"","ping_status":"","sticky":false,"template":"","format":"standard","meta":{"footnotes":""},"categories":[86],"tags":[1776,116,12231,32,33,117],"class_list":{"0":"post-46123","1":"post","2":"type-post","3":"status-publish","4":"format-standard","5":"has-post-thumbnail","7":"category-saude","8":"tag-cancer","9":"tag-health","10":"tag-hpv","11":"tag-portugal","12":"tag-pt","13":"tag-saude"},"share_on_mastodon":{"url":"","error":""},"_links":{"self":[{"href":"https:\/\/www.europesays.com\/pt\/wp-json\/wp\/v2\/posts\/46123","targetHints":{"allow":["GET"]}}],"collection":[{"href":"https:\/\/www.europesays.com\/pt\/wp-json\/wp\/v2\/posts"}],"about":[{"href":"https:\/\/www.europesays.com\/pt\/wp-json\/wp\/v2\/types\/post"}],"author":[{"embeddable":true,"href":"https:\/\/www.europesays.com\/pt\/wp-json\/wp\/v2\/users\/2"}],"replies":[{"embeddable":true,"href":"https:\/\/www.europesays.com\/pt\/wp-json\/wp\/v2\/comments?post=46123"}],"version-history":[{"count":0,"href":"https:\/\/www.europesays.com\/pt\/wp-json\/wp\/v2\/posts\/46123\/revisions"}],"wp:featuredmedia":[{"embeddable":true,"href":"https:\/\/www.europesays.com\/pt\/wp-json\/wp\/v2\/media\/46124"}],"wp:attachment":[{"href":"https:\/\/www.europesays.com\/pt\/wp-json\/wp\/v2\/media?parent=46123"}],"wp:term":[{"taxonomy":"category","embeddable":true,"href":"https:\/\/www.europesays.com\/pt\/wp-json\/wp\/v2\/categories?post=46123"},{"taxonomy":"post_tag","embeddable":true,"href":"https:\/\/www.europesays.com\/pt\/wp-json\/wp\/v2\/tags?post=46123"}],"curies":[{"name":"wp","href":"https:\/\/api.w.org\/{rel}","templated":true}]}}