{"id":461400,"date":"2026-07-24T22:41:20","date_gmt":"2026-07-24T22:41:20","guid":{"rendered":"https:\/\/www.europesays.com\/pt\/461400\/"},"modified":"2026-07-24T22:41:20","modified_gmt":"2026-07-24T22:41:20","slug":"longe-de-belem-a-descontracao-e-outra-primeira-dama-margarida-maldonado-freitas-canta-diverte-se-e-rouba-as-atencoes-em-aniversario-especial-nacional","status":"publish","type":"post","link":"https:\/\/www.europesays.com\/pt\/461400\/","title":{"rendered":"Longe de Bel\u00e9m, a descontra\u00e7\u00e3o \u00e9 outra! Primeira-dama Margarida Maldonado Freitas canta, diverte-se e rouba as aten\u00e7\u00f5es em anivers\u00e1rio especial &#8211; Nacional"},"content":{"rendered":"<p class=\"\">&#13;<br \/>\n        Descontra\u00edda, calorosa e sem os formalismos que tantas vezes marcam o protocolo de Bel\u00e9m. <b>Foi assim que a primeira-dama, Margarida Maldonado Freitas, se apresentou numa celebra\u00e7\u00e3o muito especial, de cariz mais pessoal: o 90.\u00ba anivers\u00e1rio de Jorge Sales Henriques<\/b>, carinhosamente conhecido nas Caldas da Rainha como &#8220;Joca&#8221;.&#13;\n    <\/p>\n<p class=\"\">&#13;<br \/>\n        Muito ligado cidade onde reside \u2013 que \u00e9 igualmente a cidade da fam\u00edlia da mulher do Presidente da Rep\u00fablica \u2013 e \u00e9 uma figura acarinhada pelo seu carisma, simpatia e liga\u00e7\u00e3o hist\u00f3rica ao desporto \u2013 foi Oficial da Marinha, tenista de uma vida inteira e autor de um livro sobre o seu percurso no Clube de Tennis local \u2013, Joca teve direito a uma festa de sonho. E <b>a grande respons\u00e1vel pelo evento foi precisamente Margarida Maldonado Freitas, sua amiga de longa data, que organizou a festa, h\u00e1 cerca de uma semana<\/b>.&#13;\n    <\/p>\n<p class=\"\">&#13;<br \/>\n        O ponto alto da noite aconteceu quando <b>a primeira-dama deixou de parte as formalidades e protocolos para surpreender tudo e todos ao pegar no microfone<\/b>. Com contagiante boa disposi\u00e7\u00e3o, <b>Margarida Maldonado Freitas cantou e animou os muitos convidados da festa de anivers\u00e1rio<\/b>,\u00a0tendo tido uma presta\u00e7\u00e3o muito aplaudida.&#13;\n    <\/p>\n<p class=\"\">&#13;<br \/>\n        A acompanhar de perto este momento divertido esteve, claro, o Presidente da Rep\u00fablica, <b>Ant\u00f3nio Jos\u00e9 Seguro. Amigo de h\u00e1 muito do aniversariante, o Chefe de Estado destacou-se pela simplicidade e acessibilidade, convivendo de forma genu\u00edna com as tr\u00eas gera\u00e7\u00f5es que se reuniram na sala, entre filhos, pais e av\u00f3s<\/b>.&#13;\n    <\/p>\n<p class=\"\">&#13;<br \/>\n        A celebra\u00e7\u00e3o transformou-se num verdadeiro tributo \u00e0 amizade, <b>comprovando que o casal presidencial sente-se verdadeiramente em casa nas Caldas da Rainha<\/b>. \u00c9 de recordar que <b>o Presidente da Rep\u00fablica elegeu para resid\u00eancia oficial a casa onde a\u00ed vive h\u00e1 muitos anos com a fam\u00edlia<\/b>. O Pal\u00e1cio de Bel\u00e9m\u00a0serve apenas para o trabalho institucional e estadias necess\u00e1rias.&#13;\n    <\/p>\n<p>        &#13;<br \/>\n            Saber mais sobre&#13;<br \/>\n            &#13;<br \/>\n            &#13;<\/p>\n<p>    &#13;<br \/>\n        &#13;<br \/>\n        &#13;<br \/>\n&#13;<\/p>\n","protected":false},"excerpt":{"rendered":"&#13; Descontra\u00edda, calorosa e sem os formalismos que tantas vezes marcam o protocolo de Bel\u00e9m. Foi assim que&hellip;\n","protected":false},"author":2,"featured_media":461401,"comment_status":"","ping_status":"","sticky":false,"template":"","format":"standard","meta":{"footnotes":"","_share_on_mastodon":"0"},"categories":[10],"tags":[996,4508,27,28,22048,15,16,9734,14,886,25,26,21,22,44824,12,13,19,20,32,71006,23,24,33,17,18,29,30,31],"class_list":["post-461400","post","type-post","status-publish","format-standard","has-post-thumbnail","category-portugal","tag-aniversario","tag-belem","tag-breaking-news","tag-breakingnews","tag-caldas-da-rainha","tag-featured-news","tag-featurednews","tag-festa-de-aniversario","tag-headlines","tag-jorge","tag-latest-news","tag-latestnews","tag-main-news","tag-mainnews","tag-margarida-maldonado-freitas","tag-news","tag-noticias","tag-noticias-principais","tag-noticiasprincipais","tag-portugal","tag-primeiro-aniversario","tag-principais-noticias","tag-principaisnoticias","tag-pt","tag-top-stories","tag-topstories","tag-ultimas","tag-ultimas-noticias","tag-ultimasnoticias"],"share_on_mastodon":{"url":"","error":"Validation failed: Text character limit of 500 exceeded"},"_links":{"self":[{"href":"https:\/\/www.europesays.com\/pt\/wp-json\/wp\/v2\/posts\/461400","targetHints":{"allow":["GET"]}}],"collection":[{"href":"https:\/\/www.europesays.com\/pt\/wp-json\/wp\/v2\/posts"}],"about":[{"href":"https:\/\/www.europesays.com\/pt\/wp-json\/wp\/v2\/types\/post"}],"author":[{"embeddable":true,"href":"https:\/\/www.europesays.com\/pt\/wp-json\/wp\/v2\/users\/2"}],"replies":[{"embeddable":true,"href":"https:\/\/www.europesays.com\/pt\/wp-json\/wp\/v2\/comments?post=461400"}],"version-history":[{"count":0,"href":"https:\/\/www.europesays.com\/pt\/wp-json\/wp\/v2\/posts\/461400\/revisions"}],"wp:featuredmedia":[{"embeddable":true,"href":"https:\/\/www.europesays.com\/pt\/wp-json\/wp\/v2\/media\/461401"}],"wp:attachment":[{"href":"https:\/\/www.europesays.com\/pt\/wp-json\/wp\/v2\/media?parent=461400"}],"wp:term":[{"taxonomy":"category","embeddable":true,"href":"https:\/\/www.europesays.com\/pt\/wp-json\/wp\/v2\/categories?post=461400"},{"taxonomy":"post_tag","embeddable":true,"href":"https:\/\/www.europesays.com\/pt\/wp-json\/wp\/v2\/tags?post=461400"}],"curies":[{"name":"wp","href":"https:\/\/api.w.org\/{rel}","templated":true}]}}