{"id":461467,"date":"2026-07-24T23:52:29","date_gmt":"2026-07-24T23:52:29","guid":{"rendered":"https:\/\/www.europesays.com\/pt\/461467\/"},"modified":"2026-07-24T23:52:29","modified_gmt":"2026-07-24T23:52:29","slug":"vodafone-vai-usar-satelites-para-acabar-com-as-falhas-de-rede-em-portugal","status":"publish","type":"post","link":"https:\/\/www.europesays.com\/pt\/461467\/","title":{"rendered":"Vodafone vai usar sat\u00e9lites para acabar com as falhas de rede em Portugal"},"content":{"rendered":"<p>A Vodafone Portugal prepara-se para dar um salto tecnol\u00f3gico que promete acabar com as chamadas zonas sem rede. A partir de 2027, quem estiver fora do alcance das antenas terrestres vai poder contar com os sat\u00e9lites para continuar contact\u00e1vel.<\/p>\n<p><a target=\"_blank\" href=\"https:\/\/pplware.sapo.pt\/wp-content\/uploads\/2023\/09\/Vodafone-and-AST-SpaceMobile-Successfully-Conduct-World8217s-First-Space-Based-5G-Voice-Call_650ad72ad5b01.jpg\" onclick=\"refreshIframe()\" class=\"foobox\" rel=\"nofollow noopener\"><img fetchpriority=\"high\" decoding=\"async\" src=\"https:\/\/www.europesays.com\/pt\/wp-content\/uploads\/2026\/07\/Vodafone-and-AST-SpaceMobile-Successfully-Conduct-World8217s-First-Space-Based-5G-Voice-Call_650ad72.jpeg\" alt=\"Sat\u00e9lite a representar a aposta da Vodafone nas comunica\u00e7\u00f5es por sat\u00e9lite\" width=\"720\" height=\"404\" class=\"aligncenter wp-image-948159 size-medium\"  \/><\/a>\n<\/p>\n<p>A operadora <strong>fechou uma parceria com a Satellite Connect Europe<\/strong>, entidade que resulta de uma joint-venture com a norte-americana AST SpaceMobile.<\/p>\n<p>Com este acordo, a Vodafone posiciona-se como a primeira operadora em Portugal a garantir, ainda antes do final de 2027, <strong>acesso a comunica\u00e7\u00f5es m\u00f3veis em qualquer ponto do territ\u00f3rio nacional<\/strong>, mesmo onde a rede terrestre n\u00e3o chega.<\/p>\n<p>Na pr\u00e1tica, isto significa que aldeias isoladas, zonas de montanha ou \u00e1reas rurais com fraca cobertura v\u00e3o deixar de estar impedidas de fazer comunica\u00e7\u00f5es.<\/p>\n<p>Como vai funcionar<\/p>\n<p>A tecnologia assenta nos sat\u00e9lites BlueBird, da AST SpaceMobile, que operam em \u00f3rbita terrestre baixa. O sinal captado por estes sat\u00e9lites \u00e9 encaminhado pela Satellite Connect Europe at\u00e9 \u00e0 rede terrestre da Vodafone, <strong>permitindo que a liga\u00e7\u00e3o continue sem interrup\u00e7\u00f5es<\/strong>.<\/p>\n<p>Para isto, n\u00e3o vai ser preciso equipamento adicional, uma vez que <strong>o pr\u00f3prio smartphone vai conseguir alternar automaticamente entre rede terrestre e rede via sat\u00e9lite<\/strong>, permitindo fazer chamadas, enviar SMS e navegar em dados m\u00f3veis mesmo sem cobertura tradicional.<\/p>\n<p>Antes de chegar aos utilizadores, a solu\u00e7\u00e3o <strong>ainda precisa de obter as autoriza\u00e7\u00f5es regulamentares de espectro necess\u00e1rias<\/strong>. S\u00f3 depois desse passo \u00e9 que a Vodafone avan\u00e7a para um soft launch comercial, complementando a rede terrestre j\u00e1 existente.<\/p>\n<p><a target=\"_blank\" href=\"https:\/\/pplware.sapo.pt\/wp-content\/uploads\/2026\/01\/chamada_smartphone.jpg\" onclick=\"refreshIframe()\" class=\"foobox\" rel=\"nofollow noopener\"><img loading=\"lazy\" decoding=\"async\" src=\"https:\/\/www.europesays.com\/pt\/wp-content\/uploads\/2026\/07\/chamada_smartphone-720x405.jpg\" alt=\"Pessoa ao teleofne\" width=\"720\" height=\"405\" class=\"aligncenter size-medium wp-image-1097435\"  \/><\/a><\/p>\n<p>Import\u00e2ncia deste passo<\/p>\n<p>Al\u00e9m de resolver o problema da cobertura em zonas remotas, esta tecnologia ganha <strong>particular relev\u00e2ncia em situa\u00e7\u00f5es de emerg\u00eancia<\/strong>.<\/p>\n<p>Recordando as tempestades do final de janeiro, que deixaram v\u00e1rias popula\u00e7\u00f5es sem rede m\u00f3vel durante semanas, <strong>a <a target=\"_blank\" href=\"https:\/\/pplware.sapo.pt\/internet\/vodafone-faz-primeira-videochamada-espacial-do-mundo\/\" rel=\"nofollow noopener\">cobertura via sat\u00e9lite<\/a> promete manter os utilizadores contat\u00e1veis<\/strong>, tanto em cat\u00e1strofes naturais como durante falhas prolongadas de energia.<\/p>\n<p>Para Lu\u00eds Lopes, diretor-executivo da Vodafone Portugal, este avan\u00e7o refor\u00e7a o compromisso da operadora com a <strong>digitaliza\u00e7\u00e3o do pa\u00eds e com a competitividade da economia<\/strong>, contribuindo tamb\u00e9m para a seguran\u00e7a nacional ao abrir caminho a uma conectividade verdadeiramente universal.<\/p>\n<p>J\u00e1 Meredith Sharples, diretora-geral da joint-venture entre a AST SpaceMobile e a Satellite Connect Europe, destaca que a ades\u00e3o da Vodafone <strong>confirma a aposta das operadoras europeias na integra\u00e7\u00e3o de tecnologia de sat\u00e9lite<\/strong> para tornar as redes m\u00f3veis mais robustas e abrangentes.<\/p>\n<p>\u00a0<\/p>\n<p><strong>Leia tamb\u00e9m:<\/strong><\/p>\n","protected":false},"excerpt":{"rendered":"A Vodafone Portugal prepara-se para dar um salto tecnol\u00f3gico que promete acabar com as chamadas zonas sem rede.&hellip;\n","protected":false},"author":2,"featured_media":461468,"comment_status":"","ping_status":"","sticky":false,"template":"","format":"standard","meta":{"footnotes":"","_share_on_mastodon":"0"},"categories":[83],"tags":[88,89,90,549,74051,32,33,17361],"class_list":["post-461467","post","type-post","status-publish","format-standard","has-post-thumbnail","category-empresas","tag-business","tag-economy","tag-empresas","tag-internet","tag-internet-por-satelite","tag-portugal","tag-pt","tag-vodafone"],"share_on_mastodon":{"url":"https:\/\/pubeurope.com\/@pt\/116977647912208966","error":""},"_links":{"self":[{"href":"https:\/\/www.europesays.com\/pt\/wp-json\/wp\/v2\/posts\/461467","targetHints":{"allow":["GET"]}}],"collection":[{"href":"https:\/\/www.europesays.com\/pt\/wp-json\/wp\/v2\/posts"}],"about":[{"href":"https:\/\/www.europesays.com\/pt\/wp-json\/wp\/v2\/types\/post"}],"author":[{"embeddable":true,"href":"https:\/\/www.europesays.com\/pt\/wp-json\/wp\/v2\/users\/2"}],"replies":[{"embeddable":true,"href":"https:\/\/www.europesays.com\/pt\/wp-json\/wp\/v2\/comments?post=461467"}],"version-history":[{"count":0,"href":"https:\/\/www.europesays.com\/pt\/wp-json\/wp\/v2\/posts\/461467\/revisions"}],"wp:featuredmedia":[{"embeddable":true,"href":"https:\/\/www.europesays.com\/pt\/wp-json\/wp\/v2\/media\/461468"}],"wp:attachment":[{"href":"https:\/\/www.europesays.com\/pt\/wp-json\/wp\/v2\/media?parent=461467"}],"wp:term":[{"taxonomy":"category","embeddable":true,"href":"https:\/\/www.europesays.com\/pt\/wp-json\/wp\/v2\/categories?post=461467"},{"taxonomy":"post_tag","embeddable":true,"href":"https:\/\/www.europesays.com\/pt\/wp-json\/wp\/v2\/tags?post=461467"}],"curies":[{"name":"wp","href":"https:\/\/api.w.org\/{rel}","templated":true}]}}