{"id":461497,"date":"2026-07-25T00:33:15","date_gmt":"2026-07-25T00:33:15","guid":{"rendered":"https:\/\/www.europesays.com\/pt\/461497\/"},"modified":"2026-07-25T00:33:15","modified_gmt":"2026-07-25T00:33:15","slug":"bebe-a-caminho-esta-cara-da-tvi-vai-ser-mae-pela-segunda-vez-e-a-partilha-leva-qualquer-um-as-lagrimas-big-brother-verao-2026-ultimas-noticias-videos-e-diretos","status":"publish","type":"post","link":"https:\/\/www.europesays.com\/pt\/461497\/","title":{"rendered":"Beb\u00e9 a caminho! Esta cara da TVI vai ser m\u00e3e pela segunda vez e a partilha leva qualquer um \u00e0s l\u00e1grimas &#8211; Big Brother Ver\u00e3o 2026: \u00daltimas Not\u00edcias, V\u00eddeos e Diretos"},"content":{"rendered":"<p data-assistant-stream-block=\"\" data-assistant-stream-block-index=\"1\">Joana Longoria est\u00e1\u00a0de\u00a0parab\u00e9ns: a antiga\u00a0concorrente da &#8220;Casa\u00a0dos Segredos&#8221; revelou\u00a0que vai ser\u00a0m\u00e3e pela segunda\u00a0vez. A novidade\u00a0foi\u00a0partilhada pela pr\u00f3pria\u00a0atrav\u00e9s das redes\u00a0sociais, num momento\u00a0especial que rapidamente\u00a0emocionou os seguidores.<\/p>\n<p data-assistant-stream-block=\"\" data-assistant-stream-block-index=\"2\">A ex-participante\u00a0do reality show\u00a0da TVI publicou\u00a0um v\u00eddeo onde\u00a0d\u00e1 a conhecer\u00a0a chegada do\u00a0novo beb\u00e9, mostrando\u00a0a felicidade\u00a0da fam\u00edlia com\u00a0esta nova fase. Na legenda da\u00a0publica\u00e7\u00e3o,\u00a0Joana deixou uma\u00a0mensagem de alegria\u00a0e gratid\u00e3o:<\/p>\n<p><strong>\u201cHere we go\u00a0again \u2764\ufe0f everything hallelujah\u00a0\ud83d\ude0d\u201d<\/strong><\/p>\n<p>\u00a0<\/p>\n<p data-assistant-stream-block=\"\" data-assistant-stream-block-index=\"4\">Joana Longoria j\u00e1\u00a0\u00e9 m\u00e3e de\u00a0Ant\u00f3nio, fruto da\u00a0sua rela\u00e7\u00e3o, e prepara-se\u00a0agora para aumentar\u00a0a fam\u00edlia. A\u00a0revela\u00e7\u00e3o foi recebida\u00a0com muitos coment\u00e1rios\u00a0de carinho por\u00a0parte dos f\u00e3s\u00a0e amigos, que\u00a0fizeram quest\u00e3o de\u00a0felicitar a futura\u00a0m\u00e3e.<\/p>\n","protected":false},"excerpt":{"rendered":"Joana Longoria est\u00e1\u00a0de\u00a0parab\u00e9ns: a antiga\u00a0concorrente da &#8220;Casa\u00a0dos Segredos&#8221; revelou\u00a0que vai ser\u00a0m\u00e3e pela segunda\u00a0vez. A novidade\u00a0foi\u00a0partilhada pela pr\u00f3pria\u00a0atrav\u00e9s das&hellip;\n","protected":false},"author":2,"featured_media":461498,"comment_status":"","ping_status":"","sticky":false,"template":"","format":"standard","meta":{"footnotes":"","_share_on_mastodon":"0"},"categories":[85],"tags":[27121,331,48,333,328,335,336,114,115,334,332,330,1041,20581,338,13,32,33,162,227],"class_list":["post-461497","post","type-post","status-publish","format-standard","has-post-thumbnail","category-entretenimento","tag-antonio","tag-big","tag-big-brother","tag-comentadores","tag-concorrentes","tag-confrontos","tag-discussoes","tag-entertainment","tag-entretenimento","tag-exclusivos","tag-expulso","tag-gala","tag-gravidez","tag-joana-longoria","tag-maria-botelho-moniz","tag-noticias","tag-portugal","tag-pt","tag-tvi","tag-videos"],"share_on_mastodon":{"url":"https:\/\/pubeurope.com\/@pt\/116977808623011636","error":""},"_links":{"self":[{"href":"https:\/\/www.europesays.com\/pt\/wp-json\/wp\/v2\/posts\/461497","targetHints":{"allow":["GET"]}}],"collection":[{"href":"https:\/\/www.europesays.com\/pt\/wp-json\/wp\/v2\/posts"}],"about":[{"href":"https:\/\/www.europesays.com\/pt\/wp-json\/wp\/v2\/types\/post"}],"author":[{"embeddable":true,"href":"https:\/\/www.europesays.com\/pt\/wp-json\/wp\/v2\/users\/2"}],"replies":[{"embeddable":true,"href":"https:\/\/www.europesays.com\/pt\/wp-json\/wp\/v2\/comments?post=461497"}],"version-history":[{"count":0,"href":"https:\/\/www.europesays.com\/pt\/wp-json\/wp\/v2\/posts\/461497\/revisions"}],"wp:featuredmedia":[{"embeddable":true,"href":"https:\/\/www.europesays.com\/pt\/wp-json\/wp\/v2\/media\/461498"}],"wp:attachment":[{"href":"https:\/\/www.europesays.com\/pt\/wp-json\/wp\/v2\/media?parent=461497"}],"wp:term":[{"taxonomy":"category","embeddable":true,"href":"https:\/\/www.europesays.com\/pt\/wp-json\/wp\/v2\/categories?post=461497"},{"taxonomy":"post_tag","embeddable":true,"href":"https:\/\/www.europesays.com\/pt\/wp-json\/wp\/v2\/tags?post=461497"}],"curies":[{"name":"wp","href":"https:\/\/api.w.org\/{rel}","templated":true}]}}