{"id":461624,"date":"2026-07-25T05:42:23","date_gmt":"2026-07-25T05:42:23","guid":{"rendered":"https:\/\/www.europesays.com\/pt\/461624\/"},"modified":"2026-07-25T05:42:23","modified_gmt":"2026-07-25T05:42:23","slug":"neymar-responde-as-criticas-apos-ir-ao-poquer-va-cuidar-da-sua-vida","status":"publish","type":"post","link":"https:\/\/www.europesays.com\/pt\/461624\/","title":{"rendered":"Neymar responde \u00e0s cr\u00edticas ap\u00f3s ir ao p\u00f3quer: \u00abV\u00e1 cuidar da sua vida!\u00bb"},"content":{"rendered":"<p>O futebolista brasileiro Neymar recorreu \u00e0s redes sociais, nas \u00faltimas horas, para responder a v\u00e1rias cr\u00edticas ap\u00f3s ter participado num torneio de p\u00f3quer em S\u00e3o Paulo, enquanto o Santos tinha jogo para a Ta\u00e7a Sul-Americana, ante os venezuelanos do Universidad Central.<\/p>\n<p>O Santos j\u00e1 disputou dois jogos ap\u00f3s o Mundial 2026 (perdeu 2-1 com o Botafogo para o campeonato e venceu os venezuelanos para a Sul-Americana por 4-1), mas Neymar ainda n\u00e3o jogou e deixou a garantia de que seguiu o plano de treinos para poder ir ao torneio de p\u00f3quer, frisando que no dia seguinte tinha folga.<\/p>\n<p>\u00abLembrei-me que, na minha folga, muita gente ficou a falar sobre eu ter ido jogar p\u00f3quer e tudo mais. Mas eu trabalhei de manh\u00e3 e n\u00e3o fui ao jogo porque voltei agora aos treinos e, no dia seguinte, estava de folga\u00bb, referiu o internacional brasileiro, deixando uma mensagem final aos cr\u00edticos.<\/p>\n<p>\u00abAgora estou a preparar-me para o treino, mas quero perguntar-vos: posso treinar? Ou v\u00e3o ficar cornetando [ndr: sin\u00f3nimo de criticar, no Brasil] tamb\u00e9m? V\u00e1 cuidar da sua vida\u00bb, finalizou.<\/p>\n","protected":false},"excerpt":{"rendered":"O futebolista brasileiro Neymar recorreu \u00e0s redes sociais, nas \u00faltimas horas, para responder a v\u00e1rias cr\u00edticas ap\u00f3s ter&hellip;\n","protected":false},"author":2,"featured_media":461625,"comment_status":"","ping_status":"","sticky":false,"template":"","format":"standard","meta":{"footnotes":"","_share_on_mastodon":"0"},"categories":[87],"tags":[726,135,82,46,1996,74070,32,33,47,7982,134],"class_list":["post-461624","post","type-post","status-publish","format-standard","has-post-thumbnail","category-desporto","tag-brasil","tag-desporto","tag-internacional","tag-maisfutebol","tag-neymar","tag-poquer","tag-portugal","tag-pt","tag-pura-paixao","tag-santos","tag-sports"],"share_on_mastodon":{"url":"https:\/\/pubeurope.com\/@pt\/116979024345035093","error":""},"_links":{"self":[{"href":"https:\/\/www.europesays.com\/pt\/wp-json\/wp\/v2\/posts\/461624","targetHints":{"allow":["GET"]}}],"collection":[{"href":"https:\/\/www.europesays.com\/pt\/wp-json\/wp\/v2\/posts"}],"about":[{"href":"https:\/\/www.europesays.com\/pt\/wp-json\/wp\/v2\/types\/post"}],"author":[{"embeddable":true,"href":"https:\/\/www.europesays.com\/pt\/wp-json\/wp\/v2\/users\/2"}],"replies":[{"embeddable":true,"href":"https:\/\/www.europesays.com\/pt\/wp-json\/wp\/v2\/comments?post=461624"}],"version-history":[{"count":0,"href":"https:\/\/www.europesays.com\/pt\/wp-json\/wp\/v2\/posts\/461624\/revisions"}],"wp:featuredmedia":[{"embeddable":true,"href":"https:\/\/www.europesays.com\/pt\/wp-json\/wp\/v2\/media\/461625"}],"wp:attachment":[{"href":"https:\/\/www.europesays.com\/pt\/wp-json\/wp\/v2\/media?parent=461624"}],"wp:term":[{"taxonomy":"category","embeddable":true,"href":"https:\/\/www.europesays.com\/pt\/wp-json\/wp\/v2\/categories?post=461624"},{"taxonomy":"post_tag","embeddable":true,"href":"https:\/\/www.europesays.com\/pt\/wp-json\/wp\/v2\/tags?post=461624"}],"curies":[{"name":"wp","href":"https:\/\/api.w.org\/{rel}","templated":true}]}}