{"id":461712,"date":"2026-07-25T09:02:25","date_gmt":"2026-07-25T09:02:25","guid":{"rendered":"https:\/\/www.europesays.com\/pt\/461712\/"},"modified":"2026-07-25T09:02:25","modified_gmt":"2026-07-25T09:02:25","slug":"assista-a-integra-do-jornal-da-record-18","status":"publish","type":"post","link":"https:\/\/www.europesays.com\/pt\/461712\/","title":{"rendered":"Assista \u00e0 \u00edntegra do Jornal da Record"},"content":{"rendered":"<p class=\"jarvics:base-text-neutral-high-400 xovem:base-text-dark-high-400 base-text-[calc(theme(fontSize.xs)_*_var(--font-size,_1))] base-font-normal base-font-primary base-text-neutral-low-500 base-text-left\">Confira na edi\u00e7\u00e3o do Jornal da Record desta sexta-feira (24): 9 entre 10 motoristas de aplicativo est\u00e3o endividados e n\u00e3o contribuem para a aposentadoria. Com cheia dos rios, o risco de inunda\u00e7\u00e3o volta a assustar Porto Alegre (RS), dois anos depois da grande enchente. Temporal com ventos fortes provoca estragos e mata uma pessoa no interior de S\u00e3o Paulo. Bahia se torna o estado com mais mortes de motociclistas nas estradas federais. Navio chin\u00eas ataca embarca\u00e7\u00f5es filipinas com canh\u00f5es d&#8217;\u00e1gua.<\/p>\n","protected":false},"excerpt":{"rendered":"Confira na edi\u00e7\u00e3o do Jornal da Record desta sexta-feira (24): 9 entre 10 motoristas de aplicativo est\u00e3o endividados&hellip;\n","protected":false},"author":2,"featured_media":461713,"comment_status":"","ping_status":"","sticky":false,"template":"","format":"standard","meta":{"footnotes":"","_share_on_mastodon":"0"},"categories":[142],"tags":[74098,114,115,43806,4286,32,33,151],"class_list":["post-461712","post","type-post","status-publish","format-standard","has-post-thumbnail","category-tv","tag-24-07-2026","tag-entertainment","tag-entretenimento","tag-integra","tag-jornal-da-record","tag-portugal","tag-pt","tag-tv"],"share_on_mastodon":{"url":"https:\/\/pubeurope.com\/@pt\/116979810104876397","error":""},"_links":{"self":[{"href":"https:\/\/www.europesays.com\/pt\/wp-json\/wp\/v2\/posts\/461712","targetHints":{"allow":["GET"]}}],"collection":[{"href":"https:\/\/www.europesays.com\/pt\/wp-json\/wp\/v2\/posts"}],"about":[{"href":"https:\/\/www.europesays.com\/pt\/wp-json\/wp\/v2\/types\/post"}],"author":[{"embeddable":true,"href":"https:\/\/www.europesays.com\/pt\/wp-json\/wp\/v2\/users\/2"}],"replies":[{"embeddable":true,"href":"https:\/\/www.europesays.com\/pt\/wp-json\/wp\/v2\/comments?post=461712"}],"version-history":[{"count":0,"href":"https:\/\/www.europesays.com\/pt\/wp-json\/wp\/v2\/posts\/461712\/revisions"}],"wp:featuredmedia":[{"embeddable":true,"href":"https:\/\/www.europesays.com\/pt\/wp-json\/wp\/v2\/media\/461713"}],"wp:attachment":[{"href":"https:\/\/www.europesays.com\/pt\/wp-json\/wp\/v2\/media?parent=461712"}],"wp:term":[{"taxonomy":"category","embeddable":true,"href":"https:\/\/www.europesays.com\/pt\/wp-json\/wp\/v2\/categories?post=461712"},{"taxonomy":"post_tag","embeddable":true,"href":"https:\/\/www.europesays.com\/pt\/wp-json\/wp\/v2\/tags?post=461712"}],"curies":[{"name":"wp","href":"https:\/\/api.w.org\/{rel}","templated":true}]}}