{"id":462288,"date":"2026-07-25T20:50:16","date_gmt":"2026-07-25T20:50:16","guid":{"rendered":"https:\/\/www.europesays.com\/pt\/462288\/"},"modified":"2026-07-25T20:50:16","modified_gmt":"2026-07-25T20:50:16","slug":"tesla-ve-pessoas-num-cemiterio-vazio-ha-um-video-a-circular","status":"publish","type":"post","link":"https:\/\/www.europesays.com\/pt\/462288\/","title":{"rendered":"Tesla &#8220;v\u00ea&#8221; pessoas num cemit\u00e9rio vazio? H\u00e1 um v\u00eddeo a circular"},"content":{"rendered":"<p>Um v\u00eddeo que mostra um Tesla a identificar v\u00e1rias &#8220;pessoas&#8221; enquanto circula por um cemit\u00e9rio voltou a tornar-se viral nas redes sociais.<\/p>\n<p><a target=\"_blank\" href=\"https:\/\/pplware.sapo.pt\/wp-content\/uploads\/2026\/07\/tesla_q2.jpg\" onclick=\"refreshIframe()\" class=\"foobox\" rel=\"nofollow noopener\"><img fetchpriority=\"high\" decoding=\"async\" src=\"https:\/\/www.europesays.com\/pt\/wp-content\/uploads\/2026\/07\/tesla_q2-720x405.jpg\" alt=\"\" width=\"720\" height=\"405\" class=\"aligncenter size-medium wp-image-1131962\"  \/><\/a><\/p>\n<p>Tesla: interpreta\u00e7\u00e3o incorreta do sistema de vis\u00e3o computacional<\/p>\n<p>No ecr\u00e3 do ve\u00edculo surgem silhuetas humanas \u00e0 volta do autom\u00f3vel, apesar de, aparentemente, n\u00e3o existir ningu\u00e9m no local. Para muitos, trata-se de uma cena digna de um filme de terror. Mas a explica\u00e7\u00e3o est\u00e1 longe de ser paranormal.<\/p>\n<p>Apesar do aspeto impressionante, especialistas e entusiastas da tecnologia apontam para uma explica\u00e7\u00e3o bastante mais simples:<strong> trata-se de uma interpreta\u00e7\u00e3o incorreta do sistema de vis\u00e3o computacional da Tesla.<\/strong><\/p>\n<p>Os ve\u00edculos da marca utilizam c\u00e2maras e algoritmos de intelig\u00eancia artificial para identificar objetos, pe\u00f5es, ve\u00edculos e obst\u00e1culos. Em determinadas circunst\u00e2ncias, formas como l\u00e1pides, \u00e1rvores, postes ou outros elementos do ambiente podem ser erroneamente classificados como pessoas.<\/p>\n<blockquote class=\"instagram-media\" data-instgrm-captioned=\"\" data-instgrm-permalink=\"https:\/\/www.instagram.com\/reel\/DbKHddQxJa4\/?utm_source=ig_embed&amp;utm_campaign=loading\" data-instgrm-version=\"14\" style=\"background: #FFF; border: 0; border-radius: 3px; box-shadow: 0 0 1px 0 rgba(0,0,0,0.5),0 1px 10px 0 rgba(0,0,0,0.15); margin: 1px; max-width: 540px; min-width: 326px; padding: 0; width: calc(100% - 2px);\">\n<\/blockquote>\n<p>Este tipo de erro \u00e9 conhecido como falso positivo e \u00e9 relativamente comum em sistemas de vis\u00e3o artificial, sobretudo em cen\u00e1rios com pouca ilumina\u00e7\u00e3o ou objetos de formato semelhante ao corpo humano.<\/p>\n<p>Os sistemas de assist\u00eancia \u00e0 condu\u00e7\u00e3o da marca de Elon Musk t\u00eam vindo a receber atualiza\u00e7\u00f5es frequentes para melhorar a dete\u00e7\u00e3o de pe\u00f5es, obst\u00e1culos e outros utilizadores da estrada. No entanto, como qualquer tecnologia baseada em IA, continuam sujeitos a erros de classifica\u00e7\u00e3o em determinados cen\u00e1rios.<\/p>\n<p>\t\t\t\t\t\t<script async src=\"\/\/www.instagram.com\/embed.js\"><\/script><\/p>\n","protected":false},"excerpt":{"rendered":"Um v\u00eddeo que mostra um Tesla a identificar v\u00e1rias &#8220;pessoas&#8221; enquanto circula por um cemit\u00e9rio voltou a tornar-se&hellip;\n","protected":false},"author":2,"featured_media":462289,"comment_status":"","ping_status":"","sticky":false,"template":"","format":"standard","meta":{"footnotes":"","_share_on_mastodon":"0"},"categories":[83],"tags":[88,89,90,32,33,296],"class_list":["post-462288","post","type-post","status-publish","format-standard","has-post-thumbnail","category-empresas","tag-business","tag-economy","tag-empresas","tag-portugal","tag-pt","tag-tesla"],"share_on_mastodon":{"url":"https:\/\/pubeurope.com\/@pt\/116982594518852692","error":""},"_links":{"self":[{"href":"https:\/\/www.europesays.com\/pt\/wp-json\/wp\/v2\/posts\/462288","targetHints":{"allow":["GET"]}}],"collection":[{"href":"https:\/\/www.europesays.com\/pt\/wp-json\/wp\/v2\/posts"}],"about":[{"href":"https:\/\/www.europesays.com\/pt\/wp-json\/wp\/v2\/types\/post"}],"author":[{"embeddable":true,"href":"https:\/\/www.europesays.com\/pt\/wp-json\/wp\/v2\/users\/2"}],"replies":[{"embeddable":true,"href":"https:\/\/www.europesays.com\/pt\/wp-json\/wp\/v2\/comments?post=462288"}],"version-history":[{"count":0,"href":"https:\/\/www.europesays.com\/pt\/wp-json\/wp\/v2\/posts\/462288\/revisions"}],"wp:featuredmedia":[{"embeddable":true,"href":"https:\/\/www.europesays.com\/pt\/wp-json\/wp\/v2\/media\/462289"}],"wp:attachment":[{"href":"https:\/\/www.europesays.com\/pt\/wp-json\/wp\/v2\/media?parent=462288"}],"wp:term":[{"taxonomy":"category","embeddable":true,"href":"https:\/\/www.europesays.com\/pt\/wp-json\/wp\/v2\/categories?post=462288"},{"taxonomy":"post_tag","embeddable":true,"href":"https:\/\/www.europesays.com\/pt\/wp-json\/wp\/v2\/tags?post=462288"}],"curies":[{"name":"wp","href":"https:\/\/api.w.org\/{rel}","templated":true}]}}