{"id":462321,"date":"2026-07-25T21:24:16","date_gmt":"2026-07-25T21:24:16","guid":{"rendered":"https:\/\/www.europesays.com\/pt\/462321\/"},"modified":"2026-07-25T21:24:16","modified_gmt":"2026-07-25T21:24:16","slug":"entre-restaurantes-tipicos-e-lojas-tudo-o-que-meghan-e-harry-andaram-a-fazer-em-portugal-e-as-reacoes-de-quem-os-recebeu-casas-reais","status":"publish","type":"post","link":"https:\/\/www.europesays.com\/pt\/462321\/","title":{"rendered":"Entre restaurantes t\u00edpicos e lojas: Tudo o que Meghan e Harry andaram a fazer em Portugal e as rea\u00e7\u00f5es de quem os recebeu &#8211; Casas Reais"},"content":{"rendered":"<p class=\"\">&#13;<br \/>\n        Entre as fotografias que <b>Meghan Markle<\/b> partilhou das suas f\u00e9rias com <b>o pr\u00edncipe Harry e os filhos, Archie e Lilibet,<\/b> em Portugal, destaca-se uma que mostra a fachada do &#8216;O Melidense&#8217;, um restaurante de comida tradicional alentejana situado em Melides, no concelho de Gr\u00e2ndola. &#13;\n    <\/p>\n<p>                            &#13;<br \/>\n                                <img decoding=\"async\" src=\"https:\/\/www.europesays.com\/pt\/wp-content\/uploads\/2026\/07\/img_590x373uu2026-07-25-17-21-38-409245-im-639205969109886557.png\" loading=\"lazy\" class=\"img-responsive\" alt=\"A fotografia do restaurante partilhada por Meghan\"\/>&#13;<\/p>\n<p>&#13;<br \/>\n                                A fotografia do restaurante partilhada por Meghan&#13;<br \/>\n                                    Foto: Instagram&#13;\n                            <\/p>\n<p class=\"\">&#13;<br \/>\n        O espa\u00e7o integra o guia \u201c365 Tascas &amp; Marisqueiras\u201d, do Boa Cama Boa Mesa, e destaca-se pelos petiscos e pratos regionais, como\u00a0<b>Franguinho de tomatada, Favinhas guisadas, Am\u00eaijoas \u00e0 Bulh\u00e3o Pato, Camar\u00e3o frito em azeite e com alhos, Ovos com tomatada e batatas fritas , Migas com carne, Sopas de tomate com ovos e Borrego ensopado.<\/b>&#13;\n    <\/p>\n<p class=\"\">&#13;<br \/>\n        A duquesa de Sussex tamb\u00e9m partilhou uma fotografia <b>no interior da loja &#8216;Caju&#8217;, uma concept store situada no Carvalhal<\/b>, perto da Comporta, onde, de acordo com o &#8216;NIT&#8217;, Meghan passou largos minutos a descobrir cada recanto daquele espa\u00e7o de moda, decora\u00e7\u00e3o e lifestyle.&#13;\n    <\/p>\n<p>                            &#13;<br \/>\n                                <img decoding=\"async\" src=\"https:\/\/www.europesays.com\/pt\/wp-content\/uploads\/2026\/07\/img_590x373uu2026-07-23-20-43-26-409089-im-639205968636703615.jpg\" loading=\"lazy\" class=\"img-responsive\" alt=\"Meghan Markle dentro de Caju\"\/>&#13;<\/p>\n<p>&#13;<br \/>\n                                Meghan Markle dentro de Caju&#13;<br \/>\n                                    Foto: Instagram&#13;\n                            <\/p>\n<p class=\"\">&#13;<br \/>\n        Helena Lunardelli, fundadora da loja, revelou \u00e0 mesma publica\u00e7\u00e3o que <b>a mulher do pr\u00edncipe Harry chegou acompanhada por tr\u00eas mulheres<\/b> e surpreendeu pela discri\u00e7\u00e3o, sem qualquer seguran\u00e7a ao seu lado.&#13;\n    <\/p>\n<p class=\"\">&#13;<br \/>\n        <b>\u201cEsteve bastante tempo na loja a ver tudo ao pormenor\u201d,<\/b> contou Helena Lunardelli. Durante a visita, permaneceu a maior parte do tempo nas \u00e1reas dedicadas \u00e0 <b>decora\u00e7\u00e3o para a casa, ao vestu\u00e1rio masculino e aos chap\u00e9us.<\/b>&#13;\n    <\/p>\n<p class=\"\">&#13;<br \/>\n        O &#8216;Daily Mail&#8217; revelou esta sexta-feira que <b>o casal visitou Portugal ainda antes de regressar ao Reino Unido<\/b>, onde Harry reencontrou o pai, o rei Carlos III e <a href=\"https:\/\/www.flash.pt\/casas-reais\/detalhe\/ja-nao-estao-ca-depois-de-terem-passado-por-melides-harry-e-meghan-levaram-os-filhos-a-ver-a-campa-da-avo-a-princesa-diana\" target=\"_self\" rel=\"tag nofollow noopener\">Archie e Lilibet visitaram a campa da av\u00f3, a princesa Diana.<\/a> &#13;\n    <\/p>\n<p class=\"\">&#13;<br \/>\n        Um dos motivos para Meghan s\u00f3 ter partilhado as imagens no nosso Pa\u00eds <b>depois da passagem por c\u00e1,<\/b> prende-se certamente com <b>quest\u00f5es de seguran\u00e7a e privacidade.<\/b>&#13;\n    <\/p>\n<p>    &#13;<br \/>\n        &#13;<br \/>\n        &#13;<br \/>\n&#13;<\/p>\n","protected":false},"excerpt":{"rendered":"&#13; Entre as fotografias que Meghan Markle partilhou das suas f\u00e9rias com o pr\u00edncipe Harry e os filhos,&hellip;\n","protected":false},"author":2,"featured_media":462322,"comment_status":"","ping_status":"","sticky":false,"template":"","format":"standard","meta":{"footnotes":"","_share_on_mastodon":"0"},"categories":[145],"tags":[51062,211,210,56462,114,115,711,40673,32,33,60488],"class_list":["post-462321","post","type-post","status-publish","format-standard","has-post-thumbnail","category-celebridades","tag-ameijoas","tag-celebridades","tag-celebrities","tag-duquesa-de-sussex","tag-entertainment","tag-entretenimento","tag-harry","tag-meghan-duquesa-de-sussex","tag-portugal","tag-pt","tag-sussex"],"share_on_mastodon":{"url":"https:\/\/pubeurope.com\/@pt\/116982728202734503","error":""},"_links":{"self":[{"href":"https:\/\/www.europesays.com\/pt\/wp-json\/wp\/v2\/posts\/462321","targetHints":{"allow":["GET"]}}],"collection":[{"href":"https:\/\/www.europesays.com\/pt\/wp-json\/wp\/v2\/posts"}],"about":[{"href":"https:\/\/www.europesays.com\/pt\/wp-json\/wp\/v2\/types\/post"}],"author":[{"embeddable":true,"href":"https:\/\/www.europesays.com\/pt\/wp-json\/wp\/v2\/users\/2"}],"replies":[{"embeddable":true,"href":"https:\/\/www.europesays.com\/pt\/wp-json\/wp\/v2\/comments?post=462321"}],"version-history":[{"count":0,"href":"https:\/\/www.europesays.com\/pt\/wp-json\/wp\/v2\/posts\/462321\/revisions"}],"wp:featuredmedia":[{"embeddable":true,"href":"https:\/\/www.europesays.com\/pt\/wp-json\/wp\/v2\/media\/462322"}],"wp:attachment":[{"href":"https:\/\/www.europesays.com\/pt\/wp-json\/wp\/v2\/media?parent=462321"}],"wp:term":[{"taxonomy":"category","embeddable":true,"href":"https:\/\/www.europesays.com\/pt\/wp-json\/wp\/v2\/categories?post=462321"},{"taxonomy":"post_tag","embeddable":true,"href":"https:\/\/www.europesays.com\/pt\/wp-json\/wp\/v2\/tags?post=462321"}],"curies":[{"name":"wp","href":"https:\/\/api.w.org\/{rel}","templated":true}]}}