{"id":462460,"date":"2026-07-26T00:16:10","date_gmt":"2026-07-26T00:16:10","guid":{"rendered":"https:\/\/www.europesays.com\/pt\/462460\/"},"modified":"2026-07-26T00:16:10","modified_gmt":"2026-07-26T00:16:10","slug":"chips-da-qualcomm-ficam-mais-caros-e-podem-encarecer-celulares-em-todo-o-mundo","status":"publish","type":"post","link":"https:\/\/www.europesays.com\/pt\/462460\/","title":{"rendered":"Chips da Qualcomm ficam mais caros e podem encarecer celulares em todo o mundo"},"content":{"rendered":"<p>A not\u00edcia n\u00e3o \u00e9 nada animadora para quem pensa em comprar um novo celular nos pr\u00f3ximos meses com um chipset <strong>Snapdragon<\/strong>. Acontece que a <strong>Qualcomm<\/strong> comunicou as fabricantes que aumentar\u00e1 os pre\u00e7os dos chips nos pr\u00f3ximos meses. Segundo informa\u00e7\u00f5es da Bloomberg, o reajuste ficar\u00e1 em uma porcentagem de<strong> dois d\u00edgitos<\/strong>. O aumento deve ocorrer ap\u00f3s 1\u00ba de setembro.<\/p>\n<p>Fabricantes podem repassar parte do aumento<\/p>\n<p>Em uma carta oficial aos seus clientes, a <strong>Qualcomm<\/strong> afirmou que n\u00e3o consegue mais segurar os custos adicionais dos componentes. A companhia teria procurado novos fornecedores antes de decidir pelo <strong>reajuste<\/strong>. No entanto, isso n\u00e3o teria sido suficiente para conter as despesas.<\/p>\n<p>Pelo menos nesse primeiro momento, o percentual exato aplicado a cada chip ainda n\u00e3o foi revelado. O que se sabe \u00e9 que tal aumento pode afetar diversas fabricantes de celulares que utilizam processadores <strong>Snapdragon<\/strong>. A lista inclui marcas como <strong>Samsung<\/strong>, <a class=\"lib tg-lib\" href=\"https:\/\/www.oficinadanet.com.br\/motorola\" rel=\"nofollow noopener\" target=\"_blank\">Motorola<\/a>, <strong>Xiaomi<\/strong> e outras empresas conhecidas do mercado <a class=\"lib tg-lib\" href=\"https:\/\/www.oficinadanet.com.br\/android\" rel=\"nofollow noopener\" target=\"_blank\">Android<\/a>.<\/p>\n<p>            &#13;<br \/>\n                    &#13;<br \/>\n                        &#13;<br \/>\n                        &#13;<br \/>\n                        &#13;<br \/>\n                        &#13;<br \/>\n                        <img decoding=\"async\" loading=\"lazy\" width=\"330\" height=\"150\" src=\"https:\/\/www.europesays.com\/pt\/wp-content\/uploads\/2026\/07\/snapdragon.jpg\"  alt=\"Aumento nos chips da Qualcomm pode atingir celulares de v\u00e1rias marcas.\" title=\"Aumento nos chips da Qualcomm pode atingir celulares de v\u00e1rias marcas.\"\/>&#13;<br \/>\n                    Aumento nos chips da Qualcomm pode atingir celulares de v\u00e1rias marcas.&#13;<\/p>\n<p>Os chips da<strong> Qualcomm<\/strong> tamb\u00e9m aparecem em tablets e em outros tipos de dispositivos. Por isso, a mudan\u00e7a poder\u00e1 atingir produtos de <strong>diferentes faixas de pre\u00e7o<\/strong>.Vale lembrar, contudo, que o reflexo no valor final dos celulares n\u00e3o ser\u00e1 necessariamente imediato. Cada fabricante poder\u00e1 <strong>absorver<\/strong> uma parte do custo ou ajustar suas margens.<\/p>\n<p>Escassez de componentes<\/p>\n<p>A decis\u00e3o chega em meio a uma nova escassez de componentes no setor de tecnologia. Parte da produ\u00e7\u00e3o de chips de mem\u00f3ria foi direcionada \u00e0 infraestrutura de <a class=\"lib tg-lib\" href=\"https:\/\/www.oficinadanet.com.br\/inteligencia-artificial\" rel=\"nofollow noopener\" target=\"_blank\">intelig\u00eancia artificial<\/a>. Isso reduziu a disponibilidade de pe\u00e7as usadas em eletr\u00f4nicos tradicionais. <a class=\"lib tg-lib\" href=\"https:\/\/www.oficinadanet.com.br\/apple\" rel=\"nofollow noopener\" target=\"_blank\">Apple<\/a>, <strong>Samsung<\/strong> e <a class=\"lib tg-lib\" href=\"https:\/\/www.oficinadanet.com.br\/google\" rel=\"nofollow noopener\" target=\"_blank\">Google<\/a> tamb\u00e9m enfrentam custos maiores em suas cadeias de produ\u00e7\u00e3o.<\/p>\n<p>A Qualcomm ainda n\u00e3o informou quais modelos de processadores receber\u00e3o os maiores reajustes. A companhia tamb\u00e9m n\u00e3o confirmou se chips j\u00e1 contratados pelas fabricantes ter\u00e3o seus valores preservados. Procurada, a empresa tamb\u00e9m n\u00e3o comentou nada sobre o assunto.<\/p>\n<p><a href=\"https:\/\/www.theverge.com\/gadgets\/970910\/qualcomm-raising-prices-bloomberg\" class=\"tg-link-manual\" rel=\"nofollow  noopener\" target=\"_blank\">Fonte<\/a><\/p>\n","protected":false},"excerpt":{"rendered":"A not\u00edcia n\u00e3o \u00e9 nada animadora para quem pensa em comprar um novo celular nos pr\u00f3ximos meses com&hellip;\n","protected":false},"author":2,"featured_media":462461,"comment_status":"","ping_status":"","sticky":false,"template":"","format":"standard","meta":{"footnotes":"","_share_on_mastodon":"0"},"categories":[84],"tags":[359,109,107,108,13,32,33,795,105,103,104,954,40071,106,110],"class_list":["post-462460","post","type-post","status-publish","format-standard","has-post-thumbnail","category-ciencia-e-tecnologia","tag-chips","tag-ciencia","tag-ciencia-e-tecnologia","tag-cienciaetecnologia","tag-noticias","tag-portugal","tag-pt","tag-qualcomm","tag-science","tag-science-and-technology","tag-scienceandtechnology","tag-smartphones","tag-snapdragon","tag-technology","tag-tecnologia"],"share_on_mastodon":{"url":"https:\/\/pubeurope.com\/@pt\/116983404654936069","error":""},"_links":{"self":[{"href":"https:\/\/www.europesays.com\/pt\/wp-json\/wp\/v2\/posts\/462460","targetHints":{"allow":["GET"]}}],"collection":[{"href":"https:\/\/www.europesays.com\/pt\/wp-json\/wp\/v2\/posts"}],"about":[{"href":"https:\/\/www.europesays.com\/pt\/wp-json\/wp\/v2\/types\/post"}],"author":[{"embeddable":true,"href":"https:\/\/www.europesays.com\/pt\/wp-json\/wp\/v2\/users\/2"}],"replies":[{"embeddable":true,"href":"https:\/\/www.europesays.com\/pt\/wp-json\/wp\/v2\/comments?post=462460"}],"version-history":[{"count":0,"href":"https:\/\/www.europesays.com\/pt\/wp-json\/wp\/v2\/posts\/462460\/revisions"}],"wp:featuredmedia":[{"embeddable":true,"href":"https:\/\/www.europesays.com\/pt\/wp-json\/wp\/v2\/media\/462461"}],"wp:attachment":[{"href":"https:\/\/www.europesays.com\/pt\/wp-json\/wp\/v2\/media?parent=462460"}],"wp:term":[{"taxonomy":"category","embeddable":true,"href":"https:\/\/www.europesays.com\/pt\/wp-json\/wp\/v2\/categories?post=462460"},{"taxonomy":"post_tag","embeddable":true,"href":"https:\/\/www.europesays.com\/pt\/wp-json\/wp\/v2\/tags?post=462460"}],"curies":[{"name":"wp","href":"https:\/\/api.w.org\/{rel}","templated":true}]}}