{"id":462659,"date":"2026-07-26T06:04:28","date_gmt":"2026-07-26T06:04:28","guid":{"rendered":"https:\/\/www.europesays.com\/pt\/462659\/"},"modified":"2026-07-26T06:04:28","modified_gmt":"2026-07-26T06:04:28","slug":"critica-x-men-97-2x06-danger-exe","status":"publish","type":"post","link":"https:\/\/www.europesays.com\/pt\/462659\/","title":{"rendered":"Cr\u00edtica | X-Men \u201997 \u2013 2X06: Danger.exe"},"content":{"rendered":"<p>\t\t\t2,6K<\/p>\n<p><img loading=\"lazy\" decoding=\"async\" class=\"size-thumbnail wp-image-219839 aligncenter\" role=\"img\" src=\"https:\/\/www.planocritico.com\/wp-content\/uploads\/2020\/08\/hal-3.svg\" alt=\"\" width=\"200\" height=\"200\"\/><\/p>\n<ul>\n<li><strong>H\u00e1\u00a0spoilers. Leiam,\u00a0<a href=\"https:\/\/www.planocritico.com\/tag\/x-men-97\/\" rel=\"nofollow noopener\" target=\"_blank\">aqui<\/a>, as cr\u00edticas de todos os epis\u00f3dios da s\u00e9rie e,\u00a0<a href=\"https:\/\/www.planocritico.com\/tag\/x-men\/\" rel=\"nofollow noopener\" target=\"_blank\">aqui<\/a>, de todo nosso material do universo X-Men.<\/strong><\/li>\n<\/ul>\n<p style=\"text-align: justify\">Danger.exe traz um dos conceitos dos quadrinhos dos X-Men que eu n\u00e3o gosto tanto: a sala de treinamento ganhando vida. Entendo a inten\u00e7\u00e3o por tr\u00e1s da ideia de transformar um dos elementos mais cl\u00e1ssicos da mitologia mutante, a Sala de Perigo, em algo mais do que um cen\u00e1rio para sequ\u00eancias de a\u00e7\u00e3o, com inspira\u00e7\u00e3o clara na cl\u00e1ssica trama de intelig\u00eancias artificiais ganhando vida para o mal e nos pr\u00f3prios temas dos mutantes sobre evolu\u00e7\u00e3o e extin\u00e7\u00e3o, mas considerando que os Sentinelas j\u00e1 existem e que nada de muito criativo sai da sala de treinamento se rebelando (aqui ou nas HQs), nunca foi um conceito que me agradou.\u00a0<\/p>\n<p style=\"text-align: justify\">De qualquer forma, a Sala de Perigo serve aqui como desculpa para um bom epis\u00f3dio sobre legado, envolvendo os questionamentos de Xavier sobre o futuro dos mutantes depois da tr\u00e1gica morte de Magneto, algo que j\u00e1 vemos com muita for\u00e7a dram\u00e1tica no exerc\u00edcio \u201cterap\u00eautico\u201d do Professor. Isso \u00e9 interessante porque a s\u00e9rie vem construindo Magneto n\u00e3o s\u00f3 como rival ideol\u00f3gico, mas como uma aus\u00eancia estruturante, dando import\u00e2ncia ao seu papel para al\u00e9m de vil\u00e3o ocasional.<\/p>\n<p style=\"text-align: justify\">O epis\u00f3dio tamb\u00e9m acerta ao colocar Polaris no centro desse conflito, ainda continuando no tema geral de legado. Mesmo que seja uma personagem pouca usada at\u00e9 aqui, Lorna ganha um bom desenvolvimento ao longo do cap\u00edtulo, servindo como meio de continuar a trajet\u00f3ria de Magneto com Xavier (ainda que muito provavelmente o personagem retorne dos mortos em algum momento). Bishop \u00e9 outro que funciona bem como contraponto. Ele \u00e9 menos explorado emocionalmente, mas sua presen\u00e7a traz uma objetividade importante para a crise e para Polaris, com boa din\u00e2mica entre os dois.<\/p>\n<p style=\"text-align: justify\">As cenas de luta com a Sala de Perigo s\u00e3o razo\u00e1veis, mas pouco geram sensa\u00e7\u00e3o de, bem, perigo. A vil\u00e3 acaba funcionando como ponte para um cap\u00edtulo de reorganiza\u00e7\u00e3o da temporada. Depois do desvio mais isolado do <a href=\"https:\/\/www.planocritico.com\/critica-x-men-97-2x05-weapon-x-lies-and-dvds\/\" rel=\"nofollow noopener\" target=\"_blank\">epis\u00f3dio anterior<\/a>, Danger.exe recoloca a s\u00e9rie em seu eixo central, mais uma vez com a sombra de Apocalipse. E o gancho final com Gambit ressuscitado como um dos Cavaleiros \u00e9 interessante, apesar de ser um desdobramento que retira o peso da sua morte. S\u00f3 n\u00e3o fico incomodado porque \u00e9 exatamente o que eu esperava que fosse acontecer.<\/p>\n<p style=\"text-align: justify\">A decis\u00e3o de Xavier de estabelecer a X-Corp em Genosha \u00e9 uma decis\u00e3o narrativa que achei excelente, talvez at\u00e9 dando dimens\u00e3o pol\u00edtica \u00e0 anima\u00e7\u00e3o. Sempre gosto quando as hist\u00f3rias dos X-Men crescem para al\u00e9m da mans\u00e3o e das amea\u00e7as comuns para uma constru\u00e7\u00e3o institucional dos mutantes, seja com Genosha, Krakoa ou a X-Corp.<\/p>\n<p style=\"text-align: justify\">Danger.exe, portanto, \u00e9 um epis\u00f3dio mais irregular, seja no ritmo, seja na falta de urg\u00eancia com seus conceitos mais fracos, mas tamb\u00e9m \u00e9 usado como boa ponte para reorganizar a hist\u00f3ria. A volta de Apocalipse recoloca a trama do in\u00edcio da temporada em foco e, se tudo der certo, a X-Corp vai servir como uma desculpa para boas discuss\u00f5es tem\u00e1ticas. A partir daqui penso que os desvios devem diminuir, e s\u00f3 espero que n\u00e3o tenhamos um epis\u00f3dio do Mojo no horizonte\u2026\u00a0<\/p>\n<p><strong>X-Men \u201997 \u2013 2X06: Danger.exe (EUA, 22 de julho de 2026)<\/strong><br \/><strong>Desenvolvimento:<\/strong>\u00a0Beau DeMayo<br \/><strong>Dire\u00e7\u00e3o:<\/strong> Emmett Yonemura<br \/><strong>Roteiro: <\/strong>Beau DeMayo, Mariah Wilson, Bailey Moore<br \/><strong>Elenco:\u00a0<\/strong>Ray Chase, Jennifer Hale, Alison Sealy-Smith, Cal Dodd, J. P. Karliak, Lenore Zann, George Buza, A. J. LoCascio, Holly Chou, Isaac Robinson-Smith, Matthew Waterson, Adrian Hough<br \/><strong>Dura\u00e7\u00e3o:<\/strong> 31 min.<\/p>\n","protected":false},"excerpt":{"rendered":"2,6K H\u00e1\u00a0spoilers. Leiam,\u00a0aqui, as cr\u00edticas de todos os epis\u00f3dios da s\u00e9rie e,\u00a0aqui, de todo nosso material do universo&hellip;\n","protected":false},"author":2,"featured_media":462660,"comment_status":"","ping_status":"","sticky":false,"template":"","format":"standard","meta":{"footnotes":"","_share_on_mastodon":"0"},"categories":[140],"tags":[74296,74297,74298,74299,74300,74301,74302,114,115,147,148,74303,74304,183,74305,74306,74307,74308,74309,74310,146,32,33,74311,8107,22461,74312],"class_list":["post-462659","post","type-post","status-publish","format-standard","has-post-thumbnail","category-filmes","tag-a-j-locascio","tag-adrian-hough","tag-alison-sealy-smith","tag-bailey-moore","tag-beau-demayo","tag-cal-dodd","tag-emmett-yonemura","tag-entertainment","tag-entretenimento","tag-film","tag-filmes","tag-george-buza","tag-holly-chou","tag-home","tag-isaac-robinson-smith","tag-j-p-karliak","tag-jennifer-hale","tag-lenore-zann","tag-mariah-wilson","tag-matthew-waterson","tag-movies","tag-portugal","tag-pt","tag-ray-chase","tag-x-men","tag-x-men-97","tag-x-men-97-2a-temporada"],"share_on_mastodon":{"url":"https:\/\/pubeurope.com\/@pt\/116984772924634310","error":""},"_links":{"self":[{"href":"https:\/\/www.europesays.com\/pt\/wp-json\/wp\/v2\/posts\/462659","targetHints":{"allow":["GET"]}}],"collection":[{"href":"https:\/\/www.europesays.com\/pt\/wp-json\/wp\/v2\/posts"}],"about":[{"href":"https:\/\/www.europesays.com\/pt\/wp-json\/wp\/v2\/types\/post"}],"author":[{"embeddable":true,"href":"https:\/\/www.europesays.com\/pt\/wp-json\/wp\/v2\/users\/2"}],"replies":[{"embeddable":true,"href":"https:\/\/www.europesays.com\/pt\/wp-json\/wp\/v2\/comments?post=462659"}],"version-history":[{"count":0,"href":"https:\/\/www.europesays.com\/pt\/wp-json\/wp\/v2\/posts\/462659\/revisions"}],"wp:featuredmedia":[{"embeddable":true,"href":"https:\/\/www.europesays.com\/pt\/wp-json\/wp\/v2\/media\/462660"}],"wp:attachment":[{"href":"https:\/\/www.europesays.com\/pt\/wp-json\/wp\/v2\/media?parent=462659"}],"wp:term":[{"taxonomy":"category","embeddable":true,"href":"https:\/\/www.europesays.com\/pt\/wp-json\/wp\/v2\/categories?post=462659"},{"taxonomy":"post_tag","embeddable":true,"href":"https:\/\/www.europesays.com\/pt\/wp-json\/wp\/v2\/tags?post=462659"}],"curies":[{"name":"wp","href":"https:\/\/api.w.org\/{rel}","templated":true}]}}