{"id":462663,"date":"2026-07-26T06:08:30","date_gmt":"2026-07-26T06:08:30","guid":{"rendered":"https:\/\/www.europesays.com\/pt\/462663\/"},"modified":"2026-07-26T06:08:30","modified_gmt":"2026-07-26T06:08:30","slug":"descoberta-de-novo-corpo-celeste-desafia-nocoes-da-astronomia-definitivamente-estranho","status":"publish","type":"post","link":"https:\/\/www.europesays.com\/pt\/462663\/","title":{"rendered":"Descoberta de novo corpo celeste desafia no\u00e7\u00f5es da astronomia: &#8220;Definitivamente estranho&#8221;"},"content":{"rendered":"<p>00:00<\/p>\n<p>\t\t\t\t\t\t\t<img loading=\"lazy\" decoding=\"async\" src=\"https:\/\/revistaforum.com.br\/wp-content\/plugins\/oknaudio\/application\/assets\/img\/iconSun.svg\" alt=\"Modo claro\" width=\"24\" height=\"24\"\/><\/p>\n<p>\t\t\t\t\t\t\t<img loading=\"lazy\" decoding=\"async\" src=\"https:\/\/revistaforum.com.br\/wp-content\/plugins\/oknaudio\/application\/assets\/img\/iconMoon.svg\" alt=\"Modo escuro\" width=\"24\" height=\"24\"\/><\/p>\n<p>\n\t\t\t\t\t\t\tA+<br \/>\n\t\t\t\t\t\t\tA-\n\t\t\t\t\t\t<\/p>\n<p>\t\t\t\t\t\t\t\tLer o resumo da not\u00edcia<\/p>\n<ul>\n<li>Astr\u00f4nomos liderados por Kevin Hoy, da Universidade Diego\u00a0Portales (Chile), divulgaram na revista *Nature* a descoberta do sistema CD-35\u202f2722, a\u202f\u2248\u202f71\u202fanos\u2011luz da Terra.<\/li>\n<li>O sistema inclui uma an\u00e3 vermelha (\u2248\u202f40\u202f% da massa solar), uma an\u00e3 marrom (CD\u201135\u202f2722\u202fB) que a orbita e, ao redor desta, um corpo com massa m\u00ednima de \u2248\u202f0,9\u202fJ\u00fapiter.<\/li>\n<li>O objeto de massa planet\u00e1ria n\u00e3o gira ao redor da estrela, mas sim em torno da an\u00e3 marrom, formando uma hierarquia orbital in\u00e9dita.<\/li>\n<li>A configura\u00e7\u00e3o desafia as categorias tradicionais usadas na astronomia para classificar planetas, luas e an\u00e3s marrons.<\/li>\n<\/ul>\n<p>A descoberta de um sistema planet\u00e1rio localizado a aproximadamente 71 anos-luz da Terra fez com que astr\u00f4nomos questionassem as categorias usadas para descrever corpos celestes.<\/p>\n<p>Segundo um artigo publicado na revista Nature, a nova estrutura avistada, apelidada de CD-35 2722, \u00e9 formada por uma estrela pequena, uma an\u00e3 marrom e um objeto com pelo menos 90% da massa de J\u00fapiter, mas o objeto de massa planet\u00e1ria n\u00e3o orbita diretamente a estrela. Em vez disso, ele est\u00e1 na \u00f3rbita de uma an\u00e3 marrom que orbita a estrela central.<\/p>\n<p>O estudo foi liderado por Kevin Hoy, da Universidade Diego Portales, no Chile, com participa\u00e7\u00e3o de pesquisadores do Observat\u00f3rio Europeu do Sul (ESO) e de outras institui\u00e7\u00f5es.<\/p>\n<p>A CD-35 2722 tem como estrela principal uma an\u00e3 vermelha com cerca de 40% da massa do Sol. Ao redor dessa an\u00e3 est\u00e1 o objeto CD-35 2722 B, uma outra an\u00e3, mas marrom, que a orbita. E, orbitando a an\u00e3 marrom, h\u00e1 um corpo com massa m\u00ednima equivalente a cerca de 0,9 vez a massa do planeta J\u00fapiter.<\/p>\n<p>Apesar de estar numa din\u00e2mica similar \u00e0 de uma lua, em um sistema hier\u00e1rquico de \u00f3rbitas que forma um sistema orbital, o objeto rec\u00e9m-identificado \u00e9 muito diferente das luas conhecidas do nosso sistema, e seu corpo central n\u00e3o \u00e9 um planeta, apesar de ser um objeto de escala planet\u00e1ria. Isso gerou d\u00favidas nos cientistas, que t\u00eam usado, por enquanto, a express\u00e3o \u201cexossat\u00e9lite\u201d para se referir ao corpo.<\/p>\n<p>\u201cExolua\u201d seria uma classifica\u00e7\u00e3o mais espec\u00edfica, mas a defini\u00e7\u00e3o formal de lua fora do Sistema Solar ainda n\u00e3o est\u00e1 estabelecida.<\/p>\n<p>De acordo com o estudo, embora mais de 6 mil exoplanetas tenham sido descobertos, nenhum sat\u00e9lite orbitando um exoplaneta foi confirmado de maneira incontest\u00e1vel at\u00e9 ent\u00e3o.<\/p>\n<p>A equipe analisou espectros da an\u00e3 marrom obtidos com o instrumento CRIRES+, instalado no Very Large Telescope (VLT), do Observat\u00f3rio Europeu do Sul, no Chile, entre outubro de 2023 e fevereiro de 2026.<\/p>\n<p>Os pesquisadores trabalham, agora, com duas hip\u00f3teses sobre a forma\u00e7\u00e3o desse sistema curioso: a primeira \u00e9 que o objeto tenha se formado ao redor da pr\u00f3pria an\u00e3 marrom e acumulado material suficiente para produzir um objeto de massa compar\u00e1vel \u00e0 de J\u00fapiter.<\/p>\n<p>J\u00e1 a segunda prev\u00ea uma situa\u00e7\u00e3o de \u201ccaptura gravitacional\u201d, quando o objeto se forma em outra regi\u00e3o do sistema e \u00e9 capturado pela gravidade de um corpo, neste caso, da an\u00e3 marrom, para a din\u00e2mica.<\/p>\n<p>Isso, no entanto, exige condi\u00e7\u00f5es din\u00e2micas espec\u00edficas, como a perda de energia orbital por parte do objeto.<\/p>\n<p>Em geral, corpos podem migrar de suas regi\u00f5es originais, trocar energia orbital, sofrer encontros gravitacionais e ser lan\u00e7ados para \u00f3rbitas mais distantes.<\/p>\n<p>Ainda n\u00e3o \u00e9 poss\u00edvel determinar qual cen\u00e1rio \u00e9 correto, e o l\u00edder do estudo, Kevin Hoy, afirmou \u00e0 Reuters que o sistema em quest\u00e3o \u00e9 \u201cdefinitivamente estranho\u201d, parte de uma hist\u00f3ria de forma\u00e7\u00e3o complexa que ainda n\u00e3o se pode reconstruir.<\/p>\n<p>Uma das implica\u00e7\u00f5es mais interessantes da descoberta \u00e9 que ela refor\u00e7a uma tend\u00eancia j\u00e1 observada na astronomia moderna, que indica que o Sistema Solar n\u00e3o parece representar o padr\u00e3o universal de forma\u00e7\u00e3o planet\u00e1ria e seria, na verdade, uma esp\u00e9cie de exce\u00e7\u00e3o.<\/p>\n<p>Isso porque as amostras indicam que h\u00e1 sistemas com planetas gigantes extremamente pr\u00f3ximos de suas estrelas, ou outros em que v\u00e1rios planetas ficam compactados em \u00f3rbitas menores do que a de Merc\u00fario, ou sistemas em que planetas orbitam duas estrelas simultaneamente, entre outras configura\u00e7\u00f5es.<\/p>\n<p>Agora, a equipe pretende acompanhar o sistema com novas observa\u00e7\u00f5es a fim de verificar se o sinal observado se repete de maneira consistente, o que vai permitir compreender melhor a \u00f3rbita do objeto, que pode ser a primeira evid\u00eancia de uma classe de objetos que os cientistas ainda n\u00e3o sabem exatamente como nomear.<\/p>\n","protected":false},"excerpt":{"rendered":"00:00 A+ A- Ler o resumo da not\u00edcia Astr\u00f4nomos liderados por Kevin Hoy, da Universidade Diego\u00a0Portales (Chile), divulgaram&hellip;\n","protected":false},"author":2,"featured_media":462664,"comment_status":"","ping_status":"","sticky":false,"template":"","format":"standard","meta":{"footnotes":"","_share_on_mastodon":"0"},"categories":[84],"tags":[443,109,107,108,2001,32,33,105,103,104,106,110],"class_list":["post-462663","post","type-post","status-publish","format-standard","has-post-thumbnail","category-ciencia-e-tecnologia","tag-astronomia","tag-ciencia","tag-ciencia-e-tecnologia","tag-cienciaetecnologia","tag-descoberta","tag-portugal","tag-pt","tag-science","tag-science-and-technology","tag-scienceandtechnology","tag-technology","tag-tecnologia"],"share_on_mastodon":{"url":"https:\/\/pubeurope.com\/@pt\/116984788591495961","error":""},"_links":{"self":[{"href":"https:\/\/www.europesays.com\/pt\/wp-json\/wp\/v2\/posts\/462663","targetHints":{"allow":["GET"]}}],"collection":[{"href":"https:\/\/www.europesays.com\/pt\/wp-json\/wp\/v2\/posts"}],"about":[{"href":"https:\/\/www.europesays.com\/pt\/wp-json\/wp\/v2\/types\/post"}],"author":[{"embeddable":true,"href":"https:\/\/www.europesays.com\/pt\/wp-json\/wp\/v2\/users\/2"}],"replies":[{"embeddable":true,"href":"https:\/\/www.europesays.com\/pt\/wp-json\/wp\/v2\/comments?post=462663"}],"version-history":[{"count":0,"href":"https:\/\/www.europesays.com\/pt\/wp-json\/wp\/v2\/posts\/462663\/revisions"}],"wp:featuredmedia":[{"embeddable":true,"href":"https:\/\/www.europesays.com\/pt\/wp-json\/wp\/v2\/media\/462664"}],"wp:attachment":[{"href":"https:\/\/www.europesays.com\/pt\/wp-json\/wp\/v2\/media?parent=462663"}],"wp:term":[{"taxonomy":"category","embeddable":true,"href":"https:\/\/www.europesays.com\/pt\/wp-json\/wp\/v2\/categories?post=462663"},{"taxonomy":"post_tag","embeddable":true,"href":"https:\/\/www.europesays.com\/pt\/wp-json\/wp\/v2\/tags?post=462663"}],"curies":[{"name":"wp","href":"https:\/\/api.w.org\/{rel}","templated":true}]}}