{"id":462871,"date":"2026-07-26T11:28:17","date_gmt":"2026-07-26T11:28:17","guid":{"rendered":"https:\/\/www.europesays.com\/pt\/462871\/"},"modified":"2026-07-26T11:28:17","modified_gmt":"2026-07-26T11:28:17","slug":"chatgpt-ajudou-a-travar-alegado-plano-para-matar-uma-crianca","status":"publish","type":"post","link":"https:\/\/www.europesays.com\/pt\/462871\/","title":{"rendered":"ChatGPT ajudou a travar alegado plano para matar uma crian\u00e7a"},"content":{"rendered":"<p>Um caso ocorrido no Brasil voltou a colocar a intelig\u00eancia artificial no centro do debate sobre privacidade, seguran\u00e7a e preven\u00e7\u00e3o criminal.<\/p>\n<p><a target=\"_blank\" href=\"https:\/\/pplware.sapo.pt\/wp-content\/uploads\/2026\/07\/fbi_chatgpt_brasil00.webp\" rel=\"nofollow noopener\"><img fetchpriority=\"high\" decoding=\"async\" src=\"https:\/\/www.europesays.com\/pt\/wp-content\/uploads\/2026\/07\/fbi_chatgpt_brasil00-720x405.webp\" alt=\"Ilustra\u00e7\u00e3o homem detido depois de den\u00fancia do ChatGPT\" width=\"720\" height=\"405\" class=\"aligncenter wp-image-1132034 size-medium\"  \/><\/a><\/p>\n<p>Um homem de 36 anos foi detido no estado do Esp\u00edrito Santo depois de, alegadamente, revelar ao ChatGPT que <strong>tinha contratado um assassino para matar o pr\u00f3prio filho<\/strong>, de oito anos, e que pretendia ainda realizar ataques contra escolas, igrejas e autoridades p\u00fablicas.<\/p>\n<p>A den\u00fancia acabou por chegar \u00e0s autoridades antes de qualquer crime ser consumado.<\/p>\n<p>Como o alegado plano foi descoberto?<\/p>\n<p>Segundo a Pol\u00edcia Civil do Esp\u00edrito Santo, o suspeito utilizava o ChatGPT para descrever os seus planos e inten\u00e7\u00f5es.<\/p>\n<p>A <strong>OpenAI ter\u00e1 identificado mensagens que indiciavam um risco iminente<\/strong> e comunicou a situa\u00e7\u00e3o ao FBI, que, por sua vez, alertou o Minist\u00e9rio da Justi\u00e7a brasileiro e as autoridades locais.<\/p>\n<p>O <strong>homem ter\u00e1 confessado \u00e0 plataforma que pretendia eliminar o filho<\/strong> para deixar de pagar a pens\u00e3o de alimentos. Nas conversas, ter\u00e1 ainda referido planos para provocar o maior n\u00famero poss\u00edvel de v\u00edtimas atrav\u00e9s de ataques a v\u00e1rios locais p\u00fablicos.<\/p>\n<p>A deten\u00e7\u00e3o ocorreu um dia antes da data em que, alegadamente, <strong>o crime estaria previsto<\/strong>.<\/p>\n<p><a target=\"_blank\" href=\"https:\/\/pplware.sapo.pt\/wp-content\/uploads\/2026\/07\/fbi_chatgpt_brasil01.webp\" rel=\"nofollow noopener\"><img loading=\"lazy\" decoding=\"async\" src=\"https:\/\/www.europesays.com\/pt\/wp-content\/uploads\/2026\/07\/fbi_chatgpt_brasil01-720x404.webp\" alt=\"\" width=\"720\" height=\"404\" class=\"aligncenter size-medium wp-image-1132032\"  \/><\/a><\/p>\n<p>A pol\u00edcia teve acesso \u00e0s conversas?<\/p>\n<p>Sim, mas apenas parcialmente. <strong>As autoridades brasileiras<\/strong> confirmaram que <strong>tiveram acesso \u00e0s mensagens<\/strong> enviadas pelo suspeito ao ChatGPT.<\/p>\n<p>No entanto, n\u00e3o tiveram acesso \u00e0s respostas produzidas pela intelig\u00eancia artificial, pelo que n\u00e3o \u00e9 poss\u00edvel saber de que forma o sistema respondeu \u00e0s inten\u00e7\u00f5es manifestadas pelo utilizador.<\/p>\n<p>O telem\u00f3vel do suspeito foi apreendido para investiga\u00e7\u00e3o e a pol\u00edcia procura agora confirmar se <strong>existia realmente um alegado assassino contratado<\/strong> ou se tudo n\u00e3o passou de uma fantasia apresentada durante as conversas.<\/p>\n<p>Foi o ChatGPT que \u201cfez a den\u00fancia\u201d?<\/p>\n<p>A resposta curta \u00e9: <strong>n\u00e3o exatamente<\/strong>. A OpenAI disp\u00f5e de sistemas autom\u00e1ticos de monitoriza\u00e7\u00e3o destinados a identificar situa\u00e7\u00f5es que possam representar um risco grave e iminente para a vida ou para a seguran\u00e7a p\u00fablica.<\/p>\n<p>Quando existem ind\u00edcios cred\u00edveis desse tipo de amea\u00e7a, a empresa pode comunicar a informa\u00e7\u00e3o \u00e0s autoridades competentes, em conformidade com a legisla\u00e7\u00e3o aplic\u00e1vel e com as suas pol\u00edticas de seguran\u00e7a.<\/p>\n<p>Isto significa que <strong>n\u00e3o \u00e9 o modelo de intelig\u00eancia artificial que \u201cdecide\u201d denunciar algu\u00e9m<\/strong>. A decis\u00e3o resulta dos mecanismos de seguran\u00e7a implementados pela empresa, que podem envolver an\u00e1lises autom\u00e1ticas e avalia\u00e7\u00e3o humana em situa\u00e7\u00f5es consideradas cr\u00edticas.<\/p>\n<p><a target=\"_blank\" href=\"https:\/\/pplware.sapo.pt\/wp-content\/uploads\/2026\/07\/fbi_chatgpt_brasil02.webp\" rel=\"nofollow noopener\"><img loading=\"lazy\" decoding=\"async\" aria-describedby=\"caption-attachment-1132035\" src=\"https:\/\/www.europesays.com\/pt\/wp-content\/uploads\/2026\/07\/fbi_chatgpt_brasil02-720x405.webp\" alt=\"\" width=\"720\" height=\"405\" class=\"size-medium wp-image-1132035\"  \/><\/a><\/p>\n<p id=\"caption-attachment-1132035\" class=\"wp-caption-text\">A OpenAI afirmou recentemente que apenas comunica com as autoridades quando considera existir um \u201crisco iminente e cred\u00edvel de danos f\u00edsicos graves\u201d. A maioria das viola\u00e7\u00f5es das regras resulta apenas no bloqueio da conta do utilizador, sem qualquer contacto com a pol\u00edcia.<\/p>\n<p>A IA pode ser responsabilizada?<\/p>\n<p>Especialistas ouvidos pela imprensa brasileira recordam que <strong>modelos como o ChatGPT n\u00e3o possuem consci\u00eancia nem capacidade moral<\/strong>. O seu funcionamento baseia-se em modelos estat\u00edsticos que geram respostas com base na informa\u00e7\u00e3o fornecida pelo utilizador.<\/p>\n<p>A responsabilidade legal continua a ser um tema em evolu\u00e7\u00e3o. Nos Estados Unidos existem v\u00e1rios processos judiciais relacionados com alegadas respostas inadequadas de sistemas de IA, mas os <strong>tribunais continuam a avaliar at\u00e9 que ponto as empresas podem ser responsabilizadas<\/strong> pelas intera\u00e7\u00f5es dos seus modelos.<\/p>\n<p>Um debate que continua<\/p>\n<p>Este epis\u00f3dio demonstra que a intelig\u00eancia artificial pode desempenhar um papel importante na preven\u00e7\u00e3o de crimes quando s\u00e3o detetadas amea\u00e7as cred\u00edveis. Ao mesmo tempo, levanta quest\u00f5es delicadas sobre privacidade, monitoriza\u00e7\u00e3o das conversas e os limites da atua\u00e7\u00e3o das empresas que desenvolvem estes sistemas.<\/p>\n<p>\u00c0 medida que a IA se torna parte do quotidiano de milh\u00f5es de pessoas, ser\u00e1 cada vez mais necess\u00e1rio encontrar um equil\u00edbrio entre a prote\u00e7\u00e3o da privacidade dos utilizadores e a necessidade de intervir quando existirem riscos reais para a vida humana.<\/p>\n","protected":false},"excerpt":{"rendered":"Um caso ocorrido no Brasil voltou a colocar a intelig\u00eancia artificial no centro do debate sobre privacidade, seguran\u00e7a&hellip;\n","protected":false},"author":2,"featured_media":462872,"comment_status":"","ping_status":"","sticky":false,"template":"","format":"standard","meta":{"footnotes":"","_share_on_mastodon":"0"},"categories":[50],"tags":[726,27,28,642,604,15,16,14,25,26,21,22,62,12,13,19,20,23,24,17,18,29,30,31,63,64,65],"class_list":["post-462871","post","type-post","status-publish","format-standard","has-post-thumbnail","category-mundo","tag-brasil","tag-breaking-news","tag-breakingnews","tag-chatgpt","tag-crime","tag-featured-news","tag-featurednews","tag-headlines","tag-latest-news","tag-latestnews","tag-main-news","tag-mainnews","tag-mundo","tag-news","tag-noticias","tag-noticias-principais","tag-noticiasprincipais","tag-principais-noticias","tag-principaisnoticias","tag-top-stories","tag-topstories","tag-ultimas","tag-ultimas-noticias","tag-ultimasnoticias","tag-world","tag-world-news","tag-worldnews"],"share_on_mastodon":{"url":"https:\/\/pubeurope.com\/@pt\/116986046477794966","error":""},"_links":{"self":[{"href":"https:\/\/www.europesays.com\/pt\/wp-json\/wp\/v2\/posts\/462871","targetHints":{"allow":["GET"]}}],"collection":[{"href":"https:\/\/www.europesays.com\/pt\/wp-json\/wp\/v2\/posts"}],"about":[{"href":"https:\/\/www.europesays.com\/pt\/wp-json\/wp\/v2\/types\/post"}],"author":[{"embeddable":true,"href":"https:\/\/www.europesays.com\/pt\/wp-json\/wp\/v2\/users\/2"}],"replies":[{"embeddable":true,"href":"https:\/\/www.europesays.com\/pt\/wp-json\/wp\/v2\/comments?post=462871"}],"version-history":[{"count":0,"href":"https:\/\/www.europesays.com\/pt\/wp-json\/wp\/v2\/posts\/462871\/revisions"}],"wp:featuredmedia":[{"embeddable":true,"href":"https:\/\/www.europesays.com\/pt\/wp-json\/wp\/v2\/media\/462872"}],"wp:attachment":[{"href":"https:\/\/www.europesays.com\/pt\/wp-json\/wp\/v2\/media?parent=462871"}],"wp:term":[{"taxonomy":"category","embeddable":true,"href":"https:\/\/www.europesays.com\/pt\/wp-json\/wp\/v2\/categories?post=462871"},{"taxonomy":"post_tag","embeddable":true,"href":"https:\/\/www.europesays.com\/pt\/wp-json\/wp\/v2\/tags?post=462871"}],"curies":[{"name":"wp","href":"https:\/\/api.w.org\/{rel}","templated":true}]}}