{"id":46296,"date":"2025-08-26T19:12:19","date_gmt":"2025-08-26T19:12:19","guid":{"rendered":"https:\/\/www.europesays.com\/pt\/46296\/"},"modified":"2025-08-26T19:12:19","modified_gmt":"2025-08-26T19:12:19","slug":"dia-de-protestos-em-israel-para-exigir-libertacao-dos-refens-e-fim-da-guerra-em-gaza","status":"publish","type":"post","link":"https:\/\/www.europesays.com\/pt\/46296\/","title":{"rendered":"Dia de protestos em Israel para exigir liberta\u00e7\u00e3o dos ref\u00e9ns e fim da guerra em Gaza"},"content":{"rendered":"<p>&#13;<br \/>\nDurante a manh\u00e3 desta ter\u00e7a-feira, manifestantes bloquearam a Rodovia Ayalon, em Telavive, como parte do que os organizadores descrevem como \u201cum dia de a\u00e7\u00e3o intensiva\u201d, relata o The Times of Israel. &#13;\n<\/p>\n<p><b>Alguns dos manifestantes incendiaram pneus para perturbar o tr\u00e2nsito em v\u00e1rios cruzamentos da cidade e outros protestaram em frente de casa de v\u00e1rios ministros israelitas, segundo mostram imagens partilhadas nas redes sociais por v\u00e1rios grupos pr\u00f3-democracia israelitas.<\/b><\/p>\n<p>As manifesta\u00e7\u00f5es s\u00e3o parte de uma s\u00e9rie de protestos convocados para o dia de hoje pelo F\u00f3rum das Fam\u00edlias dos Ref\u00e9ns e Desaparecidos, que representa a maioria dos familiares das pessoas raptadas nos ataques do grupo palestiniano Hamas de 7 de outubro.<\/p>\n<p>De acordo com o F\u00f3rum de Ref\u00e9ns e Fam\u00edlias Desaparecidas, uma grande manifesta\u00e7\u00e3o \u00e9 esperada na Esta\u00e7\u00e3o Central Savidor, em Telavive, antes de uma marcha at\u00e9 \u00e0 chamada Pra\u00e7a dos Ref\u00e9ns, onde o dia culminar\u00e1 com um protesto em massa liderado pelas fam\u00edlias dos ref\u00e9ns.<br \/>&#13;<br \/>\n\u201cO governo abandonou-os\u201d<br \/>&#13;<br \/>\nNuma confer\u00eancia de imprensa na Pra\u00e7a dos Ref\u00e9ns esta manh\u00e3, as fam\u00edlias dos ref\u00e9ns acusaram o Governo israelita de \u201cabandonar\u201d os prisioneiros e exigem um acordo imediato para a sua liberta\u00e7\u00e3o.<br \/>&#13;<br \/>\n<b><br \/>&#13;<br \/>\n&#8220;Levar adiante o plano de conquistar Gaza enquanto h\u00e1 um acordo sobre a mesa para assinatura do primeiro-ministro \u00e9 uma facada no cora\u00e7\u00e3o das fam\u00edlias e de toda a na\u00e7\u00e3o&#8221;<\/b>, disse Itzik Horn, pai de Yair Horn, um dos ref\u00e9ns j\u00e1 libertados, e de Eitan Horn, que ainda est\u00e1 detido em Gaza.<\/p>\n<p>\u201cJunte-se a n\u00f3s hoje na nossa luta coletiva porque somente o povo os trar\u00e1 para casa\u201d, disse, citado pela Al Jazeera.<br \/>&#13;<br \/>\n<b><br \/>&#13;<br \/>\n\u201cTemos um povo maravilhoso, mas nenhum Governo\u2026 O governo abandonou-os, mas o povo vai traz\u00ea-los de volta!\u201d,<\/b> disse Einav Zangauker, m\u00e3e de Matan Zangauker, que permanece em Gaza.<br \/>&#13;<br \/>\nNetanyahu focado em tomar cidade de Gaza<br \/>&#13;<br \/>\n<b>Na passada quinta-feira, o primeiro-ministro israelita, Benjamin Netanyahu, anunciou que <a href=\"https:\/\/www.rtp.pt\/noticias\/mundo\/netanyahu-ordena-inicio-imediato-das-negociacoes-para-libertacao-de-todos-os-refens_n1678320\" target=\"_blank\" rel=\"nofollow noopener\">ordenou o in\u00edcio imediato das negocia\u00e7\u00f5es para a liberta\u00e7\u00e3o de todos os ref\u00e9ns<\/a> em Gaza e a conclus\u00e3o da guerra \u201cem condi\u00e7\u00f5es aceit\u00e1veis para Israel\u201d.<\/b><\/p>\n<p>No entanto, Netanyahu n\u00e3o fez qualquer refer\u00eancia expl\u00edcita \u00e0 \u00faltima proposta dos mediadores (Egito, Catar e Estados Unidos), que prev\u00ea uma tr\u00e9gua de 60 dias e a liberta\u00e7\u00e3o, em duas fases, dos ref\u00e9ns do Hamas ainda detidos em Gaza. Esse plano foi j\u00e1 aceite pelo Hamas.<br \/>&#13;<br \/>\n<b><br \/>&#13;<br \/>\nEnquanto isso, Netanyahu permanece empenhado em avan\u00e7ar com os planos de intensificar a ofensiva e tomar a Cidade de Gaza, considerada um dos \u00faltimos redutos do Hamas.<\/b><\/p>\n<p>Os familiares dos ref\u00e9ns acusam o Governo israelita de estar a expandir a ofensiva na Faixa de Gaza em vez de negociar um acordo para a devolu\u00e7\u00e3o dos ref\u00e9ns. Netanyahu, por sua vez, argumenta que estes dois objetivos (derrotar o Hamas e libertar os ref\u00e9ns) \u201candam de m\u00e3os dadas\u201d e acusa os manifestantes de refor\u00e7arem o movimento islamita palestiniano Hamas e de atrasarem a liberta\u00e7\u00e3o dos detidos.<\/p>\n<p>Cerca de 1200 pessoas foram mortas e 251 foram feitas ref\u00e9ns no ataque do Hamas a 7 de outubro de 2023. Do total de ref\u00e9ns, estima-se que 20 ainda estejam vivos.<\/p>\n<p>(com ag\u00eancias)&#13;<\/p>\n","protected":false},"excerpt":{"rendered":"&#13; Durante a manh\u00e3 desta ter\u00e7a-feira, manifestantes bloquearam a Rodovia Ayalon, em Telavive, como parte do que os&hellip;\n","protected":false},"author":2,"featured_media":46297,"comment_status":"","ping_status":"","sticky":false,"template":"","format":"standard","meta":{"footnotes":"","_share_on_mastodon":"0"},"categories":[50],"tags":[27,28,15,16,532,255,14,259,25,26,21,22,62,12,13,19,20,23,24,4256,4783,17,18,29,30,31,63,64,65],"class_list":["post-46296","post","type-post","status-publish","format-standard","has-post-thumbnail","category-mundo","tag-breaking-news","tag-breakingnews","tag-featured-news","tag-featurednews","tag-gaza","tag-hamas","tag-headlines","tag-israel","tag-latest-news","tag-latestnews","tag-main-news","tag-mainnews","tag-mundo","tag-news","tag-noticias","tag-noticias-principais","tag-noticiasprincipais","tag-principais-noticias","tag-principaisnoticias","tag-protestos","tag-refens","tag-top-stories","tag-topstories","tag-ultimas","tag-ultimas-noticias","tag-ultimasnoticias","tag-world","tag-world-news","tag-worldnews"],"share_on_mastodon":{"url":"","error":""},"_links":{"self":[{"href":"https:\/\/www.europesays.com\/pt\/wp-json\/wp\/v2\/posts\/46296","targetHints":{"allow":["GET"]}}],"collection":[{"href":"https:\/\/www.europesays.com\/pt\/wp-json\/wp\/v2\/posts"}],"about":[{"href":"https:\/\/www.europesays.com\/pt\/wp-json\/wp\/v2\/types\/post"}],"author":[{"embeddable":true,"href":"https:\/\/www.europesays.com\/pt\/wp-json\/wp\/v2\/users\/2"}],"replies":[{"embeddable":true,"href":"https:\/\/www.europesays.com\/pt\/wp-json\/wp\/v2\/comments?post=46296"}],"version-history":[{"count":0,"href":"https:\/\/www.europesays.com\/pt\/wp-json\/wp\/v2\/posts\/46296\/revisions"}],"wp:featuredmedia":[{"embeddable":true,"href":"https:\/\/www.europesays.com\/pt\/wp-json\/wp\/v2\/media\/46297"}],"wp:attachment":[{"href":"https:\/\/www.europesays.com\/pt\/wp-json\/wp\/v2\/media?parent=46296"}],"wp:term":[{"taxonomy":"category","embeddable":true,"href":"https:\/\/www.europesays.com\/pt\/wp-json\/wp\/v2\/categories?post=46296"},{"taxonomy":"post_tag","embeddable":true,"href":"https:\/\/www.europesays.com\/pt\/wp-json\/wp\/v2\/tags?post=46296"}],"curies":[{"name":"wp","href":"https:\/\/api.w.org\/{rel}","templated":true}]}}