{"id":463086,"date":"2026-07-26T15:37:12","date_gmt":"2026-07-26T15:37:12","guid":{"rendered":"https:\/\/www.europesays.com\/pt\/463086\/"},"modified":"2026-07-26T15:37:12","modified_gmt":"2026-07-26T15:37:12","slug":"qualcomm-prepara-aumento-de-precos-varios-smartphones-podem-ficar-mais-caros","status":"publish","type":"post","link":"https:\/\/www.europesays.com\/pt\/463086\/","title":{"rendered":"Qualcomm prepara aumento de pre\u00e7os! V\u00e1rios smartphones podem ficar mais caros&#8230;"},"content":{"rendered":"<p>A Qualcomm anunciou aos seus clientes que vai avan\u00e7ar com um aumento dos pre\u00e7os dos seus produtos j\u00e1 a partir de setembro. A decis\u00e3o poder\u00e1 refletir-se no custo final de smartphones, computadores e outros equipamentos que utilizam os seus processadores.<\/p>\n<p style=\"text-align: center;\"><a target=\"_blank\" href=\"https:\/\/www.europesays.com\/pt\/wp-content\/uploads\/2026\/07\/1785080232_513_qualcomm.jpg\" onclick=\"refreshIframe()\" class=\"foobox\"><img fetchpriority=\"high\" decoding=\"async\" src=\"https:\/\/www.europesays.com\/pt\/wp-content\/uploads\/2026\/07\/1785080232_513_qualcomm.jpg\" alt=\"\" width=\"769\" height=\"413\" class=\"alignnone size-full wp-image-921016\"  \/><\/a><\/p>\n<p>Escassez de componentes pressiona a Qualcomm<\/p>\n<p>A Qualcomm <a target=\"_blank\" href=\"https:\/\/www.bloomberg.com\/news\/articles\/2026-07-24\/qualcomm-tells-customers-that-prices-are-going-up-by-double-digits\" rel=\"nofollow noopener\">informou<\/a> os seus parceiros comerciais de que pretende aumentar os pre\u00e7os dos seus produtos em valores de dois d\u00edgitos percentuais. De acordo com a empresa, a atualiza\u00e7\u00e3o dos pre\u00e7os ser\u00e1 aplicada aos componentes enviados a partir de 1 de setembro <strong>e surge como resposta ao aumento cont\u00ednuo dos custos na cadeia de fornecimento<\/strong>.<\/p>\n<p>Segundo a fabricante norte-americana, a empresa j\u00e1 n\u00e3o consegue absorver os custos adicionais impostos pelos fornecedores. Antes de tomar esta decis\u00e3o, a Qualcomm refere que procurou alternativas junto de outros fabricantes de componentes, <strong>mas essas tentativas n\u00e3o foram suficientes para evitar a necessidade de rever os pre\u00e7os<\/strong>.<\/p>\n<p>Esta medida surge numa altura em que a falta de componentes eletr\u00f3nicos continua a afetar o setor tecnol\u00f3gico, o que obriga muitas empresas a adaptar a sua estrat\u00e9gia <strong>para lidar com o aumento dos custos de produ\u00e7\u00e3o<\/strong>.<\/p>\n<p style=\"text-align: center;\"><a target=\"_blank\" href=\"https:\/\/pplware.sapo.pt\/wp-content\/uploads\/2024\/10\/qualcomm_arm_licenca_1.jpg\" onclick=\"refreshIframe()\" class=\"foobox\" rel=\"nofollow noopener\"><img loading=\"lazy\" decoding=\"async\" src=\"https:\/\/www.europesays.com\/pt\/wp-content\/uploads\/2026\/07\/qualcomm_arm_licenca_1-1024x576.jpg\" alt=\"\" width=\"720\" height=\"405\" class=\"alignnone size-large wp-image-1022388\"  \/><\/a><\/p>\n<p>Consumidores poder\u00e3o sentir o impacto nos pre\u00e7os dos smartphones e n\u00e3o s\u00f3<\/p>\n<p>Os processadores da Qualcomm equipam uma vasta gama de dispositivos, desde smartphones topo de gama at\u00e9 computadores port\u00e1teis com Windows e novos equipamentos de realidade aumentada. Caso as fabricantes decidam repercutir este aumento nos consumidores, <strong>\u00e9 prov\u00e1vel que v\u00e1rios produtos cheguem ao mercado com pre\u00e7os superiores aos atualmente praticados<\/strong>.<\/p>\n<p>A situa\u00e7\u00e3o poder\u00e1 afetar tamb\u00e9m futuros lan\u00e7amentos, uma vez que o custo dos componentes <strong>representa uma parte importante do pre\u00e7o final dos equipamentos<\/strong>.<\/p>\n<p>A Qualcomm n\u00e3o \u00e9 a \u00fanica empresa a enfrentar este cen\u00e1rio. Nos \u00faltimos meses, v\u00e1rias marcas aumentaram os pre\u00e7os dos seus produtos devido \u00e0s dificuldades no fornecimento de componentes.<\/p>\n<p>Em alguns casos, as fabricantes optaram por reduzir as especifica\u00e7\u00f5es dos equipamentos para controlar os custos,<strong> enquanto outras acabaram por adiar ou cancelar determinados lan\u00e7amentos<\/strong>.<\/p>\n<p>A persist\u00eancia destes problemas continua a exercer press\u00e3o sobre toda a ind\u00fastria tecnol\u00f3gica, o que torna cada vez mais prov\u00e1vel <strong>que os consumidores tenham de pagar mais pelos dispositivos que pretendem adquirir<\/strong>.<\/p>\n<p>\u00a0<\/p>\n<p><strong>Leia tamb\u00e9m:<\/strong><\/p>\n","protected":false},"excerpt":{"rendered":"A Qualcomm anunciou aos seus clientes que vai avan\u00e7ar com um aumento dos pre\u00e7os dos seus produtos j\u00e1&hellip;\n","protected":false},"author":2,"featured_media":463087,"comment_status":"","ping_status":"","sticky":false,"template":"","format":"standard","meta":{"footnotes":"","_share_on_mastodon":"0"},"categories":[84],"tags":[109,107,108,32,33,795,105,103,104,954,106,110],"class_list":["post-463086","post","type-post","status-publish","format-standard","has-post-thumbnail","category-ciencia-e-tecnologia","tag-ciencia","tag-ciencia-e-tecnologia","tag-cienciaetecnologia","tag-portugal","tag-pt","tag-qualcomm","tag-science","tag-science-and-technology","tag-scienceandtechnology","tag-smartphones","tag-technology","tag-tecnologia"],"share_on_mastodon":{"url":"https:\/\/pubeurope.com\/@pt\/116987026221212611","error":""},"_links":{"self":[{"href":"https:\/\/www.europesays.com\/pt\/wp-json\/wp\/v2\/posts\/463086","targetHints":{"allow":["GET"]}}],"collection":[{"href":"https:\/\/www.europesays.com\/pt\/wp-json\/wp\/v2\/posts"}],"about":[{"href":"https:\/\/www.europesays.com\/pt\/wp-json\/wp\/v2\/types\/post"}],"author":[{"embeddable":true,"href":"https:\/\/www.europesays.com\/pt\/wp-json\/wp\/v2\/users\/2"}],"replies":[{"embeddable":true,"href":"https:\/\/www.europesays.com\/pt\/wp-json\/wp\/v2\/comments?post=463086"}],"version-history":[{"count":0,"href":"https:\/\/www.europesays.com\/pt\/wp-json\/wp\/v2\/posts\/463086\/revisions"}],"wp:featuredmedia":[{"embeddable":true,"href":"https:\/\/www.europesays.com\/pt\/wp-json\/wp\/v2\/media\/463087"}],"wp:attachment":[{"href":"https:\/\/www.europesays.com\/pt\/wp-json\/wp\/v2\/media?parent=463086"}],"wp:term":[{"taxonomy":"category","embeddable":true,"href":"https:\/\/www.europesays.com\/pt\/wp-json\/wp\/v2\/categories?post=463086"},{"taxonomy":"post_tag","embeddable":true,"href":"https:\/\/www.europesays.com\/pt\/wp-json\/wp\/v2\/tags?post=463086"}],"curies":[{"name":"wp","href":"https:\/\/api.w.org\/{rel}","templated":true}]}}