{"id":463231,"date":"2026-07-26T18:33:13","date_gmt":"2026-07-26T18:33:13","guid":{"rendered":"https:\/\/www.europesays.com\/pt\/463231\/"},"modified":"2026-07-26T18:33:13","modified_gmt":"2026-07-26T18:33:13","slug":"trabalhadores-denunciam-retirada-de-100-ambulancias-do-dispositivo-do-inem","status":"publish","type":"post","link":"https:\/\/www.europesays.com\/pt\/463231\/","title":{"rendered":"Trabalhadores denunciam &#8220;retirada de 100 ambul\u00e2ncias&#8221; do dispositivo do INEM"},"content":{"rendered":"\n<p>&#13;<br \/>\n&#8220;N\u00e3o estamos perante um refor\u00e7o do Sistema Integrado de Emerg\u00eancia M\u00e9dica. Estamos perante a retirada de 100 ambul\u00e2ncias do dispositivo operacional pr\u00f3prio do INEM&#8221;, afirmou a Comiss\u00e3o de Trabalhadores (CT) do Instituto Nacional de Emerg\u00eancia M\u00e9dica (INEM), em comunicado.&#13;\n<\/p>\n<p>&#13;<br \/>\nEsta posi\u00e7\u00e3o surge ap\u00f3s declara\u00e7\u00f5es do presidente do INEM, Lu\u00eds Mendes Cabral, numa entrevista transmitida na sexta-feira pela RTP, em que confirmou a transfer\u00eancia das ambul\u00e2ncias de emerg\u00eancia m\u00e9dica do INEM para as Unidades Locais de Sa\u00fade (ULS) e a transforma\u00e7\u00e3o das atuais ambul\u00e2ncias de Suporte Imediato de Vida (SIV) em viaturas ligeiras.&#13;\n<\/p>\n<p>&#13;<br \/>\n&#8220;A concretizar-se esta decis\u00e3o, 54 ambul\u00e2ncias de emerg\u00eancia m\u00e9dica ser\u00e3o entregues \u00e0s ULS e 46 ambul\u00e2ncias SIV deixar\u00e3o de ser ambul\u00e2ncias, perdendo a capacidade de transporte de doentes&#8221;, exp\u00f4s a CT.&#13;\n<\/p>\n<p>&#13;<br \/>\nNa perspetiva dos trabalhadores, esta op\u00e7\u00e3o &#8220;aumentar\u00e1 brutalmente&#8221; a press\u00e3o sobre os bombeiros e a Cruz Vermelha Portuguesa, uma vez que ter\u00e3o de assegurar &#8220;um n\u00famero ainda maior de transportes num sistema j\u00e1 profundamente pressionado&#8221;.&#13;\n<\/p>\n<p>&#13;<br \/>\nPor isso, &#8220;o resultado previs\u00edvel ser\u00e1 o aumento dos tempos de resposta, uma maior indisponibilidade de meios e um risco acrescido para os utentes&#8221;, alertou a CT.&#13;\n<\/p>\n<p>&#13;<br \/>\nNeste sentido, os trabalhadores do INEM exigem que a ministra da Sa\u00fade, Ana Paula Martins, esclare\u00e7a publicamente se concorda e d\u00e1 respaldo pol\u00edtico a esta decis\u00e3o: &#8220;Ou confirma esta op\u00e7\u00e3o e assume integralmente as suas consequ\u00eancias, ou aproveita a entrada em vigor da nova lei org\u00e2nica para substituir, na \u00edntegra, o atual Conselho Diretivo do INEM.&#8221;&#13;\n<\/p>\n<p>&#13;<br \/>\nTamb\u00e9m o Sindicato dos T\u00e9cnicos de Emerg\u00eancia Pr\u00e9-Hospitalar (STEPH) manifestou hoje &#8220;grande preocupa\u00e7\u00e3o&#8221; com a retirada de 100 ambul\u00e2ncias do Sistema Integrado de Emerg\u00eancia M\u00e9dica do INEM, alertando para a demora na assist\u00eancia aos cidad\u00e3os e real\u00e7ando que esta decis\u00e3o &#8220;ocorre em simult\u00e2neo com a abertura aos privados&#8221;.&#13;\n<\/p>\n<p>&#13;<br \/>\n&#8220;A inten\u00e7\u00e3o do sr. presidente do INEM torna-se \u00f3bvia e representa um assalto a um dos servi\u00e7os mais essenciais do pa\u00eds&#8221;, apontou o STEPH, tendo enviado hoje um of\u00edcio \u00e0 ministra da Sa\u00fade para &#8220;um esclarecimento urgente&#8221;, avisando que, caso n\u00e3o haja resposta at\u00e9 01 de agosto, ser\u00e3o desenvolvidas &#8220;a\u00e7\u00f5es de protesto que s\u00f3 cessar\u00e3o com a revers\u00e3o destas medidas que est\u00e3o a destruir o INEM e a sua capacidade de servir os cidad\u00e3os&#8221;.&#13;\n<\/p>\n<p>&#13;<br \/>\nJ\u00e1 os trabalhadores do INEM decidiram agendar uma assembleia geral para os primeiros dias de agosto, &#8220;para tomada de posi\u00e7\u00e3o e aprova\u00e7\u00e3o de medidas concretas&#8221;, informou a CT, referindo que a mesma &#8220;apenas ser\u00e1 desmarcada caso o cen\u00e1rio agora anunciado seja alterado de forma clara, p\u00fablica e inequ\u00edvoca&#8221;.&#13;\n<\/p>\n<p>&#13;<br \/>\n&#8220;N\u00e3o \u00e9 poss\u00edvel desmantelar a resposta operacional do INEM e esperar o sil\u00eancio, a conten\u00e7\u00e3o ou a passividade dos seus profissionais&#8221;, avisou a CT.&#13;\n<\/p>\n<p>&#13;<br \/>\nAl\u00e9m de exigirem esclarecimentos por parte da ministra da Sa\u00fade, os trabalhadores do INEM e o sindicato STEPH apelaram aos presidentes das 71 c\u00e2maras municipais afetadas, incluindo Lisboa, Porto, Coimbra, Loul\u00e9 e Viseu, &#8220;para que defendam as suas popula\u00e7\u00f5es&#8221;, porque &#8220;menos meios significa mais demora no socorro e maior risco para cada mun\u00edcipe&#8221;.&#13;\n<\/p>\n<p>&#13;<br \/>\nEntre os munic\u00edpios afetados, segundo a CT do INEM, est\u00e3o tamb\u00e9m Braga, Set\u00fabal, Aveiro, Faro, Leiria e Viana do Castelo.&#13;\n<\/p>\n<p>&#13;<br \/>\nAs delega\u00e7\u00f5es do Norte, Centro e Sul deixam de constar da nova lei org\u00e2nica do INEM, de acordo com o diploma publicado em 16 de julho em Di\u00e1rio da Rep\u00fablica, mas o presidente do INEM adiantou \u00e0 Lusa que o novo modelo de funcionamento prev\u00ea o refor\u00e7o da presen\u00e7a da emerg\u00eancia pr\u00e9-hospitalar nessas regi\u00f5es, salientando que os estatutos que ser\u00e3o publicados mant\u00eam os Centros de Orienta\u00e7\u00e3o de Doentes Urgentes (CODU) nos quatro polos e v\u00e3o permitir &#8220;refor\u00e7ar a presen\u00e7a dos servi\u00e7os de apoio no Porto, Coimbra e Algarve com a contrata\u00e7\u00e3o de mais profissionais&#8221;.&#13;<\/p>\n","protected":false},"excerpt":{"rendered":"&#13; &#8220;N\u00e3o estamos perante um refor\u00e7o do Sistema Integrado de Emerg\u00eancia M\u00e9dica. Estamos perante a retirada de 100&hellip;\n","protected":false},"author":2,"featured_media":463232,"comment_status":"","ping_status":"","sticky":false,"template":"","format":"standard","meta":{"footnotes":"","_share_on_mastodon":"0"},"categories":[10],"tags":[27,28,7090,74461,15,16,14,7923,25,26,21,22,3044,12,13,19,20,32,23,24,33,17,18,29,30,31],"class_list":["post-463231","post","type-post","status-publish","format-standard","has-post-thumbnail","category-portugal","tag-breaking-news","tag-breakingnews","tag-cruz-vermelha","tag-diretivo","tag-featured-news","tag-featurednews","tag-headlines","tag-inem","tag-latest-news","tag-latestnews","tag-main-news","tag-mainnews","tag-medica","tag-news","tag-noticias","tag-noticias-principais","tag-noticiasprincipais","tag-portugal","tag-principais-noticias","tag-principaisnoticias","tag-pt","tag-top-stories","tag-topstories","tag-ultimas","tag-ultimas-noticias","tag-ultimasnoticias"],"share_on_mastodon":{"url":"https:\/\/pubeurope.com\/@pt\/116987717951322430","error":""},"_links":{"self":[{"href":"https:\/\/www.europesays.com\/pt\/wp-json\/wp\/v2\/posts\/463231","targetHints":{"allow":["GET"]}}],"collection":[{"href":"https:\/\/www.europesays.com\/pt\/wp-json\/wp\/v2\/posts"}],"about":[{"href":"https:\/\/www.europesays.com\/pt\/wp-json\/wp\/v2\/types\/post"}],"author":[{"embeddable":true,"href":"https:\/\/www.europesays.com\/pt\/wp-json\/wp\/v2\/users\/2"}],"replies":[{"embeddable":true,"href":"https:\/\/www.europesays.com\/pt\/wp-json\/wp\/v2\/comments?post=463231"}],"version-history":[{"count":0,"href":"https:\/\/www.europesays.com\/pt\/wp-json\/wp\/v2\/posts\/463231\/revisions"}],"wp:featuredmedia":[{"embeddable":true,"href":"https:\/\/www.europesays.com\/pt\/wp-json\/wp\/v2\/media\/463232"}],"wp:attachment":[{"href":"https:\/\/www.europesays.com\/pt\/wp-json\/wp\/v2\/media?parent=463231"}],"wp:term":[{"taxonomy":"category","embeddable":true,"href":"https:\/\/www.europesays.com\/pt\/wp-json\/wp\/v2\/categories?post=463231"},{"taxonomy":"post_tag","embeddable":true,"href":"https:\/\/www.europesays.com\/pt\/wp-json\/wp\/v2\/tags?post=463231"}],"curies":[{"name":"wp","href":"https:\/\/api.w.org\/{rel}","templated":true}]}}