{"id":463335,"date":"2026-07-26T20:34:14","date_gmt":"2026-07-26T20:34:14","guid":{"rendered":"https:\/\/www.europesays.com\/pt\/463335\/"},"modified":"2026-07-26T20:34:14","modified_gmt":"2026-07-26T20:34:14","slug":"luciana-gimenez-manda-recado-para-mick-jagger-que-faz-83-anos-darling","status":"publish","type":"post","link":"https:\/\/www.europesays.com\/pt\/463335\/","title":{"rendered":"Luciana Gimenez manda recado para Mick Jagger, que faz 83 anos: &#8220;Darling&#8221;"},"content":{"rendered":"<p><a href=\"https:\/\/natelinha.uol.com.br\/famosos\/tudo-sobre\/luciana-gimenez\" rel=\"nofollow noopener\" target=\"_blank\">Luciana Gimenez<\/a>, de 56 anos, desejou um feliz anivers\u00e1rio a <a href=\"https:\/\/natelinha.uol.com.br\/famosos\/tudo-sobre\/mick-jagger\" rel=\"nofollow noopener\" target=\"_blank\">Mick Jagger<\/a>, que faz 83 anos neste domingo (26). Em postagem feita nas redes sociais, a apresentadora brasileira parabenizou o artista brit\u00e2nico, que \u00e9 pai de seu filho Lucas Jagger, de 27 anos.<\/p>\n<p>continua depois da publicidade<\/p>\n<p>A famosa divulgou uma foto em que aparece reunida com o vocalista da banda de rock The Rolling Stones e filho, que trabalha como criador de conte\u00fado e \u00e9 formado em artes liter\u00e1rias. O clique foi postado nos stories de seu perfil do Instagram.<\/p>\n<p>+\u00a0<a href=\"https:\/\/natelinha.uol.com.br\/famosos\/2026\/07\/26\/iris-abravanel-faz-78-anos-saiba-como-vive-hoje-a-viuva-de-silvio-santos-245167.php\" target=\"_blank\" rel=\"noopener noreferrer nofollow\">\u00cdris Abravanel faz 78 anos: Saiba como vive hoje a vi\u00fava de Silvio Santos<\/a><\/p>\n<p>Jagger, Gimenez e o filho deles aparecem sorridentes e abra\u00e7ados na postagem. Na legenda da publica\u00e7\u00e3o, ela escreveu: &#8220;Happy bday darling&#8221;, com emojis de um trevo de quatro folhas e um cora\u00e7\u00e3o azul. Em tradu\u00e7\u00e3o, \u201cFeliz anivers\u00e1rio, querido&#8221;.<\/p>\n<p>continua depois da publicidade<\/p>\n<p>Luciana Gimenez e Mick Jagger tiveram um relacionamento breve ap\u00f3s se conhecerem em uma festa no Rio de Janeiro (RJ) em 1998. O envolvimento resultou na gravidez e, em maio de 1999, nasceu Lucas Jagger.<\/p>\n<p>+\u00a0<a href=\"https:\/\/natelinha.uol.com.br\/colunas\/coluna-do-sandro\/2026\/07\/26\/estava-sofrendo-veruska-donato-abre-o-jogo-e-revela-por-que-deixou-a-globo-245204.php\" target=\"_blank\" rel=\"noopener noreferrer nofollow\">&#8220;Estava sofrendo&#8221;: Veruska Donato abre o jogo e revela por que deixou a Globo<\/a><\/p>\n<p>+\u00a0<a href=\"https:\/\/natelinha.uol.com.br\/natelona\/2026\/07\/26\/netflix-e-acusada-de-romantizar-assassinos-mas-chega-ao-topo-do-mundo-com-filme-de-elize-245183.php\" target=\"_blank\" rel=\"noopener noreferrer nofollow\">Netflix \u00e9 acusada de romantizar assassinos, mas chega ao topo do mundo com filme de Elize<\/a><\/p>\n<p><strong>Confira a publica\u00e7\u00e3o de Luciana Gimenez no Instagram:<\/strong><\/p>\n<p><img decoding=\"async\" loading=\"lazy\" class=\"horizontal\" src=\"https:\/\/www.europesays.com\/pt\/wp-content\/uploads\/2026\/07\/luciana-gimenez-e-mick-jagger_7641.jpeg\" alt=\"Luciana Gimenez manda recado para Mick Jagger, que faz 83 anos: \\\" darling=\"\"\/><\/p>\n","protected":false},"excerpt":{"rendered":"Luciana Gimenez, de 56 anos, desejou um feliz anivers\u00e1rio a Mick Jagger, que faz 83 anos neste domingo&hellip;\n","protected":false},"author":2,"featured_media":463336,"comment_status":"","ping_status":"","sticky":false,"template":"","format":"standard","meta":{"footnotes":"","_share_on_mastodon":"0"},"categories":[145],"tags":[211,210,114,115,1852,1854,1853,32,33],"class_list":["post-463335","post","type-post","status-publish","format-standard","has-post-thumbnail","category-celebridades","tag-celebridades","tag-celebrities","tag-entertainment","tag-entretenimento","tag-lucas-jagger","tag-luciana-gimenez","tag-mick-jagger","tag-portugal","tag-pt"],"share_on_mastodon":{"url":"https:\/\/pubeurope.com\/@pt\/116988194179949835","error":""},"_links":{"self":[{"href":"https:\/\/www.europesays.com\/pt\/wp-json\/wp\/v2\/posts\/463335","targetHints":{"allow":["GET"]}}],"collection":[{"href":"https:\/\/www.europesays.com\/pt\/wp-json\/wp\/v2\/posts"}],"about":[{"href":"https:\/\/www.europesays.com\/pt\/wp-json\/wp\/v2\/types\/post"}],"author":[{"embeddable":true,"href":"https:\/\/www.europesays.com\/pt\/wp-json\/wp\/v2\/users\/2"}],"replies":[{"embeddable":true,"href":"https:\/\/www.europesays.com\/pt\/wp-json\/wp\/v2\/comments?post=463335"}],"version-history":[{"count":0,"href":"https:\/\/www.europesays.com\/pt\/wp-json\/wp\/v2\/posts\/463335\/revisions"}],"wp:featuredmedia":[{"embeddable":true,"href":"https:\/\/www.europesays.com\/pt\/wp-json\/wp\/v2\/media\/463336"}],"wp:attachment":[{"href":"https:\/\/www.europesays.com\/pt\/wp-json\/wp\/v2\/media?parent=463335"}],"wp:term":[{"taxonomy":"category","embeddable":true,"href":"https:\/\/www.europesays.com\/pt\/wp-json\/wp\/v2\/categories?post=463335"},{"taxonomy":"post_tag","embeddable":true,"href":"https:\/\/www.europesays.com\/pt\/wp-json\/wp\/v2\/tags?post=463335"}],"curies":[{"name":"wp","href":"https:\/\/api.w.org\/{rel}","templated":true}]}}